{"id":2889,"date":"2023-08-09T14:20:07","date_gmt":"2023-08-09T17:20:07","guid":{"rendered":"https:\/\/cidadebaixaonline.com.br\/?p=2889"},"modified":"2023-08-09T14:20:09","modified_gmt":"2023-08-09T17:20:09","slug":"maior-navio-de-guerra-da-america-latina-recebe-visitantes-em-belem-veja-atracoes","status":"publish","type":"post","link":"https:\/\/cidadebaixaonline.com.br\/index.php\/2023\/08\/09\/maior-navio-de-guerra-da-america-latina-recebe-visitantes-em-belem-veja-atracoes\/","title":{"rendered":"Maior navio de guerra da Am\u00e9rica Latina recebe visitantes em Bel\u00e9m; veja atra\u00e7\u00f5es"},"content":{"rendered":"\n<p>O\u00a0maior navio de guerra da Am\u00e9rica Latina, segundo a Marinha do Brasil, est\u00e1 aberto para visita\u00e7\u00e3o p\u00fablica gratuita nesta quarta-feira (9) at\u00e9 as 17h. A embarca\u00e7\u00e3o est\u00e1\u00a0atracada em Bel\u00e9m.<\/p>\n\n\n\n<p>O Navio-Aer\u00f3dromo Multiprop\u00f3sito \u201cAtl\u00e2ntico\u201d (A-140) \u00e9 um dos dois navios que vieram \u00e0 capital paraense para compor a seguran\u00e7a voltada \u00e0\u00a0C\u00fapula da Amaz\u00f4nia.<\/p>\n\n\n\n<p>Segundo a Marinha, esta \u00e9 a primeira vez que o &#8220;Atl\u00e2ntico&#8221; ancora em\u00a0Bel\u00e9m. Tanto ele como o Fragata \u201cDefensora\u201d (F-41), que foi aberto ao p\u00fablico no \u00faltimo domingo (6), foram deslocados do Rio de Janeiro.<\/p>\n\n\n\n<p><strong>Confira o per\u00edodo de visita\u00e7\u00e3o do Navio-Aer\u00f3dromo \u201cAtl\u00e2ntico\u201d:<\/strong><\/p>\n\n\n\n<p>De 9h \u00e0s 17h &#8211; acesso pelo port\u00e3o 17 do Porto de Bel\u00e9m, na Avenida Marechal Hermes, bairro do Reduto (ao lado do complexo Ver-o-Rio).<\/p>\n\n\n\n<p>No local, os visitantes podem conferir os ve\u00edculos especiais estacionados na pista do navio, assim como os helic\u00f3pteros.<\/p>\n\n\n\n<p>Al\u00e9m disso, marinheiros colocaram em exposi\u00e7\u00e3o equipamentos usados pela tripula\u00e7\u00e3o do navio, que podem ser vistos pelo p\u00fablico durante o passeio.<\/p>\n\n\n\n<p>O Navio-Aer\u00f3dromo Multiprop\u00f3sito \u201cAtl\u00e2ntico\u201d, \u201cmaior navio de guerra da Am\u00e9rica Latina\u201d, tem 208 metros de comprimento e 31,7 metros de largura e est\u00e1 na Marinha desde 2018, de acordo com a pr\u00f3pria For\u00e7a Armada.<\/p>\n\n\n\n<p>\u201c\u00c9 projetado para as tarefas de controle de \u00e1reas mar\u00edtimas e proje\u00e7\u00e3o de poder sobre terra, pelo mar e ar. \u00c9 apropriado para miss\u00f5es de car\u00e1ter humanit\u00e1rio, aux\u00edlio a v\u00edtimas de desastres naturais, de evacua\u00e7\u00e3o de pessoal e opera\u00e7\u00f5es de manuten\u00e7\u00e3o de paz\u201d, informou a Marinha sobre a embarca\u00e7\u00e3o.<\/p>\n","protected":false},"excerpt":{"rendered":"<p>O\u00a0maior navio de guerra da Am\u00e9rica Latina, segundo a Marinha do Brasil, est\u00e1 aberto para visita\u00e7\u00e3o p\u00fablica gratuita nesta quarta-feira (9) at\u00e9 as 17h. A embarca\u00e7\u00e3o est\u00e1\u00a0atracada em Bel\u00e9m. O Navio-Aer\u00f3dromo Multiprop\u00f3sito \u201cAtl\u00e2ntico\u201d (A-140) \u00e9 um dos dois navios que vieram \u00e0 capital paraense para compor a seguran\u00e7a voltada \u00e0\u00a0C\u00fapula da Amaz\u00f4nia. Segundo a Marinha, [&hellip;]<\/p>\n","protected":false},"author":2,"featured_media":2890,"comment_status":"open","ping_status":"open","sticky":false,"template":"","format":"standard","meta":{"jnews-multi-image_gallery":[],"jnews_single_post":{"subtitle":"","format":"standard","video":"","gallery":"","source_name":"","source_url":"","via_name":"","via_url":"","override_template":"0","override":[{"template":"1","single_blog_custom":"","parallax":"1","fullscreen":"1","layout":"right-sidebar","sidebar":"default-sidebar","second_sidebar":"default-sidebar","sticky_sidebar":"1","share_position":"top","share_float_style":"share-monocrhome","show_share_counter":"0","show_view_counter":"0","show_featured":"1","show_post_meta":"1","show_post_author":"0","show_post_author_image":"1","show_post_date":"1","post_date_format":"default","post_date_format_custom":"Y\/m\/d","show_post_category":"1","show_post_reading_time":"0","post_reading_time_wpm":"300","show_zoom_button":"0","zoom_button_out_step":"2","zoom_button_in_step":"3","show_post_tag":"1","show_prev_next_post":"1","show_popup_post":"1","number_popup_post":"1","show_author_box":"0","show_post_related":"0","show_inline_post_related":"0"}],"override_image_size":"0","image_override":[{"single_post_thumbnail_size":"no-crop","single_post_gallery_size":"crop-715"}],"trending_post":"0","trending_post_position":"meta","trending_post_label":"Trending","sponsored_post":"0","sponsored_post_label":"Sponsored by","sponsored_post_name":"","sponsored_post_url":"","sponsored_post_logo_enable":"0","sponsored_post_logo":"","sponsored_post_desc":"","disable_ad":"0"},"jnews_primary_category":{"id":"","hide":""},"footnotes":""},"categories":[104,93],"tags":[],"class_list":["post-2889","post","type-post","status-publish","format-standard","has-post-thumbnail","hentry","category-brasil","category-entretenimento"],"_links":{"self":[{"href":"https:\/\/cidadebaixaonline.com.br\/index.php\/wp-json\/wp\/v2\/posts\/2889","targetHints":{"allow":["GET"]}}],"collection":[{"href":"https:\/\/cidadebaixaonline.com.br\/index.php\/wp-json\/wp\/v2\/posts"}],"about":[{"href":"https:\/\/cidadebaixaonline.com.br\/index.php\/wp-json\/wp\/v2\/types\/post"}],"author":[{"embeddable":true,"href":"https:\/\/cidadebaixaonline.com.br\/index.php\/wp-json\/wp\/v2\/users\/2"}],"replies":[{"embeddable":true,"href":"https:\/\/cidadebaixaonline.com.br\/index.php\/wp-json\/wp\/v2\/comments?post=2889"}],"version-history":[{"count":0,"href":"https:\/\/cidadebaixaonline.com.br\/index.php\/wp-json\/wp\/v2\/posts\/2889\/revisions"}],"wp:featuredmedia":[{"embeddable":true,"href":"https:\/\/cidadebaixaonline.com.br\/index.php\/wp-json\/wp\/v2\/media\/2890"}],"wp:attachment":[{"href":"https:\/\/cidadebaixaonline.com.br\/index.php\/wp-json\/wp\/v2\/media?parent=2889"}],"wp:term":[{"taxonomy":"category","embeddable":true,"href":"https:\/\/cidadebaixaonline.com.br\/index.php\/wp-json\/wp\/v2\/categories?post=2889"},{"taxonomy":"post_tag","embeddable":true,"href":"https:\/\/cidadebaixaonline.com.br\/index.php\/wp-json\/wp\/v2\/tags?post=2889"}],"curies":[{"name":"wp","href":"https:\/\/api.w.org\/{rel}","templated":true}]}}