{"id":2873,"date":"2023-08-09T13:39:53","date_gmt":"2023-08-09T16:39:53","guid":{"rendered":"https:\/\/cidadebaixaonline.com.br\/?p=2873"},"modified":"2023-08-09T13:39:55","modified_gmt":"2023-08-09T16:39:55","slug":"bahia-tem-120-mortos-em-chacinas-policiais-diz-instituto","status":"publish","type":"post","link":"https:\/\/cidadebaixaonline.com.br\/index.php\/2023\/08\/09\/bahia-tem-120-mortos-em-chacinas-policiais-diz-instituto\/","title":{"rendered":"Bahia tem 120 mortos em chacinas policiais, diz instituto"},"content":{"rendered":"\n<p>O Instituto Fogo Cruzado registrou 120 pessoas mortas em Salvador e regi\u00e3o metropolitana em chacinas policiais entre o per\u00edodo de 1\u00ba de julho de 2022 e 8 de agosto de 2023. Entre as v\u00edtimas est\u00e3o um idoso, 114 adultos, e cinco pessoas que n\u00e3o tiveram a faixa et\u00e1ria identificada.<br><br>No dia 28 de julho deste ano, o Instituto chegou ao n\u00famero de 106 v\u00edtimas, com a opera\u00e7\u00e3o realizada no munic\u00edpio de Cama\u00e7ari. A maioria das pessoas mortas eram homens (114), o que corresponde a 95% dos \u00f3bitos. Os dados mostram ainda que tr\u00eas mulheres est\u00e3o entre os mortos (2,5%) e outras tr\u00eas pessoas n\u00e3o tiveram g\u00eanero informado.<\/p>\n\n\n\n<p>Dos 120 mortos em chacinas policiais at\u00e9 o momento, foi poss\u00edvel identificar racialmente 17 deles: todos eram pessoas negras. Salvador lidera, com o maior n\u00famero de mortes, o ranking dos munic\u00edpios em que mais foram registrados mortos em chacinas policiais:<\/p>\n\n\n\n<p>\u25cf Salvador: 92 mortes<\/p>\n\n\n\n<p>\u25cf Sim\u00f5es Filho: 11 mortes<\/p>\n\n\n\n<p>\u25cf Cama\u00e7ari: 10 mortes<\/p>\n\n\n\n<p>\u25cf Candeias: 7 mortes<\/p>\n\n\n\n<p>Entre os bairros com maior n\u00famero de v\u00edtimas est\u00e3o:<\/p>\n\n\n\n<p>\u25cf \u00c1guas Claras: 8 mortes<\/p>\n\n\n\n<p>Caroba (Candeias): 7 mortes<\/p>\n\n\n\n<p>\u25cf Engenho Velho da Federa\u00e7\u00e3o (Salvador): 7 mortes<\/p>\n\n\n\n<p>\u25cf Jau\u00e1 (Cama\u00e7ari): 7 mortes<\/p>\n\n\n\n<p>\u25cf Pau mi\u00fado (Salvador): 6 mortes<\/p>\n\n\n\n<p>\u25cf Rio Sena (Salvador): 6 mortes<\/p>\n\n\n\n<p>Sobre o Fogo Cruzado<\/p>\n\n\n\n<p>O Fogo Cruzado \u00e9 um Instituto que usa tecnologia para produzir e divulgar dados abertos e colaborativos sobre viol\u00eancia armada, fortalecendo a democracia atrav\u00e9s da transforma\u00e7\u00e3o social e da preserva\u00e7\u00e3o da vida.<\/p>\n\n\n\n<p>Com uma metodologia pr\u00f3pria, o laborat\u00f3rio de dados da institui\u00e7\u00e3o produz 40 indicadores in\u00e9ditos sobre viol\u00eancia nas regi\u00f5es metropolitanas do Rio, do Recife e de Salvador.<\/p>\n","protected":false},"excerpt":{"rendered":"<p>O Instituto Fogo Cruzado registrou 120 pessoas mortas em Salvador e regi\u00e3o metropolitana em chacinas policiais entre o per\u00edodo de 1\u00ba de julho de 2022 e 8 de agosto de 2023. Entre as v\u00edtimas est\u00e3o um idoso, 114 adultos, e cinco pessoas que n\u00e3o tiveram a faixa et\u00e1ria identificada. No dia 28 de julho deste [&hellip;]<\/p>\n","protected":false},"author":2,"featured_media":2874,"comment_status":"open","ping_status":"open","sticky":false,"template":"","format":"standard","meta":{"jnews-multi-image_gallery":[],"jnews_single_post":{"subtitle":"","format":"standard","video":"","gallery":"","source_name":"","source_url":"","via_name":"","via_url":"","override_template":"0","override":[{"template":"1","single_blog_custom":"","parallax":"1","fullscreen":"1","layout":"right-sidebar","sidebar":"default-sidebar","second_sidebar":"default-sidebar","sticky_sidebar":"1","share_position":"top","share_float_style":"share-monocrhome","show_share_counter":"0","show_view_counter":"0","show_featured":"1","show_post_meta":"1","show_post_author":"0","show_post_author_image":"1","show_post_date":"1","post_date_format":"default","post_date_format_custom":"Y\/m\/d","show_post_category":"1","show_post_reading_time":"0","post_reading_time_wpm":"300","show_zoom_button":"0","zoom_button_out_step":"2","zoom_button_in_step":"3","show_post_tag":"1","show_prev_next_post":"1","show_popup_post":"1","number_popup_post":"1","show_author_box":"0","show_post_related":"0","show_inline_post_related":"0"}],"override_image_size":"0","image_override":[{"single_post_thumbnail_size":"no-crop","single_post_gallery_size":"crop-715"}],"trending_post":"0","trending_post_position":"meta","trending_post_label":"Trending","sponsored_post":"0","sponsored_post_label":"Sponsored by","sponsored_post_name":"","sponsored_post_url":"","sponsored_post_logo_enable":"0","sponsored_post_logo":"","sponsored_post_desc":"","disable_ad":"0"},"jnews_primary_category":{"id":"","hide":""},"footnotes":""},"categories":[105],"tags":[],"class_list":["post-2873","post","type-post","status-publish","format-standard","has-post-thumbnail","hentry","category-policia"],"_links":{"self":[{"href":"https:\/\/cidadebaixaonline.com.br\/index.php\/wp-json\/wp\/v2\/posts\/2873","targetHints":{"allow":["GET"]}}],"collection":[{"href":"https:\/\/cidadebaixaonline.com.br\/index.php\/wp-json\/wp\/v2\/posts"}],"about":[{"href":"https:\/\/cidadebaixaonline.com.br\/index.php\/wp-json\/wp\/v2\/types\/post"}],"author":[{"embeddable":true,"href":"https:\/\/cidadebaixaonline.com.br\/index.php\/wp-json\/wp\/v2\/users\/2"}],"replies":[{"embeddable":true,"href":"https:\/\/cidadebaixaonline.com.br\/index.php\/wp-json\/wp\/v2\/comments?post=2873"}],"version-history":[{"count":0,"href":"https:\/\/cidadebaixaonline.com.br\/index.php\/wp-json\/wp\/v2\/posts\/2873\/revisions"}],"wp:featuredmedia":[{"embeddable":true,"href":"https:\/\/cidadebaixaonline.com.br\/index.php\/wp-json\/wp\/v2\/media\/2874"}],"wp:attachment":[{"href":"https:\/\/cidadebaixaonline.com.br\/index.php\/wp-json\/wp\/v2\/media?parent=2873"}],"wp:term":[{"taxonomy":"category","embeddable":true,"href":"https:\/\/cidadebaixaonline.com.br\/index.php\/wp-json\/wp\/v2\/categories?post=2873"},{"taxonomy":"post_tag","embeddable":true,"href":"https:\/\/cidadebaixaonline.com.br\/index.php\/wp-json\/wp\/v2\/tags?post=2873"}],"curies":[{"name":"wp","href":"https:\/\/api.w.org\/{rel}","templated":true}]}}