{"id":2866,"date":"2023-08-09T11:36:33","date_gmt":"2023-08-09T14:36:33","guid":{"rendered":"https:\/\/cidadebaixaonline.com.br\/?p=2866"},"modified":"2023-08-09T11:36:36","modified_gmt":"2023-08-09T14:36:36","slug":"diretor-do-detran-ba-anuncia-cnh-social-para-populacao-de-baixa-renda","status":"publish","type":"post","link":"https:\/\/cidadebaixaonline.com.br\/index.php\/2023\/08\/09\/diretor-do-detran-ba-anuncia-cnh-social-para-populacao-de-baixa-renda\/","title":{"rendered":"Diretor do Detran-BA anuncia CNH Social para popula\u00e7\u00e3o de baixa renda"},"content":{"rendered":"\n<p>O diretor-geral do&nbsp;Departamento Estadual de Tr\u00e2nsito da Bahia (Detran-BA), Rodrigo Pimentel, afirmou em entrevista ao apresentador Jos\u00e9 Eduardo, nesta ter\u00e7a-feira (8), que o governador da Bahia, Jer\u00f4nimo Rodrigues (PT), vai lan\u00e7ar o programa de CNH Social. Por meio do projeto, ser\u00e1 concedida carteira de habilita\u00e7\u00e3o gratuita para a popula\u00e7\u00e3o de baixa renda.<\/p>\n\n\n\n<p>\u201cExiste um projeto de lei que est\u00e1 na Casa Civil para ser enviado a Alba. A ideia \u00e9 custear esse processo de habilita\u00e7\u00e3o para o condutor de baixa renda, de Cad\u00fanico. Por isso a import\u00e2ncia de criar primeiro a isen\u00e7\u00e3o e tamb\u00e9m decidir crit\u00e9rios para s\u00f3 ter acesso a esse programa as pessoas que precisam, que sejam carentes\u201d, revelou Pimentel em entrevista \u00e0 R\u00e1dio Metr\u00f3pole.<\/p>\n\n\n\n<p>Na ocasi\u00e3o, ele tamb\u00e9m comentou sobre processos como agendamento, coleta de biometria, entre outros, podem ser acessados pelo SAC Digital. Com a aprova\u00e7\u00e3o do m\u00e9dico perito em uma cl\u00ednica credenciada, o condutor, que renova a Carteira Nacional de Habilita\u00e7\u00e3o (CNH), pode aderir \u00e0 carteira digital em 24 horas.&nbsp;<\/p>\n\n\n\n<p>No entanto,&nbsp;o diretor-geral do \u00f3rg\u00e3o estadual, Rodrigo Pimentel, esclareceu, em entrevista \u00e0 R\u00e1dio Metr\u00f3pole, nesta ter\u00e7a-feira (8), que \u201cpara emitir a digital, pela primeira vez, \u00e9 preciso ter a f\u00edsica, onde atrav\u00e9s do aplicativo, ele te orienta a fazer essa emiss\u00e3o. As renova\u00e7\u00f5es futuras j\u00e1 s\u00e3o baixadas automaticamente\u201d.<\/p>\n\n\n\n<p>Questionado sobre a valida\u00e7\u00e3o da exibi\u00e7\u00e3o do print de carteira digital em blitz, Pimentel ressaltou que \u00e9 importante ter uma via impressa do CRLV (Certificado de registro e licenciamento de ve\u00edculo) no autom\u00f3vel do motorista.&nbsp;<\/p>\n\n\n\n<p>\u201cO condutor pode imprimir, deixar uma via no carro que tem um QR code, e o agente de tr\u00e2nsito consegue consultar se o ve\u00edculo est\u00e1 em dia com suas obriga\u00e7\u00f5es. A CNH n\u00e3o, o c\u00f3digo n\u00e3o d\u00e1 essa possibilidade. A gente orienta que tamb\u00e9m andem com a CNH f\u00edsica\u201d, ressaltou.<\/p>\n\n\n\n<p>\u201cO c\u00f3digo de tr\u00e2nsito, que teve altera\u00e7\u00e3o agora, prev\u00ea que se o agente conseguir consultar atrav\u00e9s do CPF, do RENACH, ou da placa, a base nacional de condutores habilitados&nbsp; de ve\u00edculos, ele pode abrir m\u00e3o do documento no celular ou impresso. Vai depender do local da blitz. Geralmente, aqui na capital, todos os locais t\u00eam acesso \u00e0 internet, o agente consegue fazer essa consulta, mas, nas estradas, talvez, n\u00e3o se consiga\u201d, acrescentou.&nbsp;<\/p>\n\n\n\n<p><strong>Habilita\u00e7\u00e3o para PCDs<\/strong><\/p>\n\n\n\n<p>\u201cUm dos processos que evolu\u00edmos bastante foi o atendimento a pessoas com defici\u00eancia. O Detran-BA tinha uma car\u00eancia hist\u00f3rica de m\u00e9dicos peritos em tr\u00e1fego, e n\u00f3s conseguimos, atrav\u00e9s do processo de credenciamento, criar uma junta m\u00e9dica. Hoje, o condutor com defici\u00eancia pode pedir essa adapta\u00e7\u00e3o, condi\u00e7\u00e3o, para dirigir. Ele tem que seguir o processo normal, que \u00e9 pedir uma avalia\u00e7\u00e3o em uma cl\u00ednica credenciada, atrav\u00e9s do SAC ou no Sinetram, e se o m\u00e9dico do tr\u00e1fego na cl\u00ednica, entender que aquele caso \u00e9 de adapta\u00e7\u00e3o da CNH, ele encaminha esse condutor para essa junta m\u00e9dica especial.\u201d<\/p>\n\n\n\n<p><strong>Prazo para retirada de CNH definitiva<\/strong><\/p>\n\n\n\n<p>&nbsp;\u201cO processo depende muito do candidato. Temos hoje normas que s\u00e3o estabelecidas pelo Contran, que devem ser seguidas, l\u00e1 prev\u00ea que iniciamos esse processo de habilita\u00e7\u00e3o, primeiramente, atrav\u00e9s de exame m\u00e9dico, a partir da\u00ed, o candidato precisa se dirigir a escola, onde cursar\u00e1 45 horas de aulas te\u00f3ricas, a partir da\u00ed ele faz exame te\u00f3rico. Se for aprovado, consegue realizar aulas pr\u00e1ticas, em mais 20 horas. Ao final, ele vai realizar uma avalia\u00e7\u00e3o pr\u00e1tica, exame de rua. Se aprovado, a CNH ser\u00e1 emitida em at\u00e9 10 dias. Nos demais eventos, n\u00e3o h\u00e1 evento para marcar, por exemplo, exame pr\u00e1tico, te\u00f3rico. Essas fases temos que seguir, porque s\u00e3o importantes para garantir condutores mais qualificados.\u201d<\/p>\n\n\n\n<p>\u201cA inspe\u00e7\u00e3o veicular quem credencia n\u00e3o somos n\u00f3s, \u00e9 a Senatran, as ITLs, em parceria como Inmetro, \u00f3rg\u00e3o federal (\u2026) Posso ver o porque de Salvador est\u00e1 t\u00e3o caro, talvez seja uma baixa oferta, teria que apurar isso com mais calma. N\u00e3o \u00e9 um credenciamento ligado ao Detran, e sim ao Senatran.\u201d<\/p>\n\n\n\n<p><strong>Processo exclusivo<\/strong><\/p>\n\n\n\n<p>\u201cO Detran \u00e9 um \u00f3rg\u00e3o executivo de tr\u00e2nsito, ent\u00e3o executamos as normas definidas pelo Congresso Nacional e pelo Contran.&nbsp;As taxas est\u00e3o nos valores equivalentes aos estados do Nordeste, e os usu\u00e1rios podem pagar, atrav\u00e9s do pix, por qualquer aplicativo, n\u00e3o precisa ser somente Bradesco ou Banco do Brasil. Em seguida, eles ser\u00e3o enviados \u00e0s cl\u00ednicas credenciadas. O Governo Bolsonaro tentou acabar com essa obriga\u00e7\u00e3o de ser periciado por m\u00e9dico do tr\u00e1fego, profissional do tr\u00e2nsito, s\u00f3 que essa n\u00e3o \u00e9 uma decis\u00e3o mais t\u00e9cnica. A medicina do tr\u00e1fego \u00e9 um ramo da medicina e o objetivo \u00e9 colocar no tr\u00e2nsito somente condutores que tenham condi\u00e7\u00f5es m\u00e9dicas e ps\u00edquicas para conduzir os ve\u00edculos.\u201d<\/p>\n","protected":false},"excerpt":{"rendered":"<p>O diretor-geral do&nbsp;Departamento Estadual de Tr\u00e2nsito da Bahia (Detran-BA), Rodrigo Pimentel, afirmou em entrevista ao apresentador Jos\u00e9 Eduardo, nesta ter\u00e7a-feira (8), que o governador da Bahia, Jer\u00f4nimo Rodrigues (PT), vai lan\u00e7ar o programa de CNH Social. Por meio do projeto, ser\u00e1 concedida carteira de habilita\u00e7\u00e3o gratuita para a popula\u00e7\u00e3o de baixa renda. \u201cExiste um projeto [&hellip;]<\/p>\n","protected":false},"author":2,"featured_media":2867,"comment_status":"open","ping_status":"open","sticky":false,"template":"","format":"standard","meta":{"jnews-multi-image_gallery":[],"jnews_single_post":{"subtitle":"","format":"standard","video":"","gallery":"","source_name":"","source_url":"","via_name":"","via_url":"","override_template":"0","override":[{"template":"1","single_blog_custom":"","parallax":"1","fullscreen":"1","layout":"right-sidebar","sidebar":"default-sidebar","second_sidebar":"default-sidebar","sticky_sidebar":"1","share_position":"top","share_float_style":"share-monocrhome","show_share_counter":"0","show_view_counter":"0","show_featured":"1","show_post_meta":"1","show_post_author":"0","show_post_author_image":"1","show_post_date":"1","post_date_format":"default","post_date_format_custom":"Y\/m\/d","show_post_category":"1","show_post_reading_time":"0","post_reading_time_wpm":"300","show_zoom_button":"0","zoom_button_out_step":"2","zoom_button_in_step":"3","show_post_tag":"1","show_prev_next_post":"1","show_popup_post":"1","number_popup_post":"1","show_author_box":"0","show_post_related":"0","show_inline_post_related":"0"}],"override_image_size":"0","image_override":[{"single_post_thumbnail_size":"no-crop","single_post_gallery_size":"crop-715"}],"trending_post":"0","trending_post_position":"meta","trending_post_label":"Trending","sponsored_post":"0","sponsored_post_label":"Sponsored by","sponsored_post_name":"","sponsored_post_url":"","sponsored_post_logo_enable":"0","sponsored_post_logo":"","sponsored_post_desc":"","disable_ad":"0"},"jnews_primary_category":{"id":"","hide":""},"footnotes":""},"categories":[90,85],"tags":[],"class_list":["post-2866","post","type-post","status-publish","format-standard","has-post-thumbnail","hentry","category-bahia","category-noticias"],"_links":{"self":[{"href":"https:\/\/cidadebaixaonline.com.br\/index.php\/wp-json\/wp\/v2\/posts\/2866","targetHints":{"allow":["GET"]}}],"collection":[{"href":"https:\/\/cidadebaixaonline.com.br\/index.php\/wp-json\/wp\/v2\/posts"}],"about":[{"href":"https:\/\/cidadebaixaonline.com.br\/index.php\/wp-json\/wp\/v2\/types\/post"}],"author":[{"embeddable":true,"href":"https:\/\/cidadebaixaonline.com.br\/index.php\/wp-json\/wp\/v2\/users\/2"}],"replies":[{"embeddable":true,"href":"https:\/\/cidadebaixaonline.com.br\/index.php\/wp-json\/wp\/v2\/comments?post=2866"}],"version-history":[{"count":0,"href":"https:\/\/cidadebaixaonline.com.br\/index.php\/wp-json\/wp\/v2\/posts\/2866\/revisions"}],"wp:featuredmedia":[{"embeddable":true,"href":"https:\/\/cidadebaixaonline.com.br\/index.php\/wp-json\/wp\/v2\/media\/2867"}],"wp:attachment":[{"href":"https:\/\/cidadebaixaonline.com.br\/index.php\/wp-json\/wp\/v2\/media?parent=2866"}],"wp:term":[{"taxonomy":"category","embeddable":true,"href":"https:\/\/cidadebaixaonline.com.br\/index.php\/wp-json\/wp\/v2\/categories?post=2866"},{"taxonomy":"post_tag","embeddable":true,"href":"https:\/\/cidadebaixaonline.com.br\/index.php\/wp-json\/wp\/v2\/tags?post=2866"}],"curies":[{"name":"wp","href":"https:\/\/api.w.org\/{rel}","templated":true}]}}