{"id":2862,"date":"2023-08-09T11:30:06","date_gmt":"2023-08-09T14:30:06","guid":{"rendered":"https:\/\/cidadebaixaonline.com.br\/?p=2862"},"modified":"2023-08-09T11:30:14","modified_gmt":"2023-08-09T14:30:14","slug":"secretario-de-seguranca-publica-promete-apuracao-rapida-sobre-prefeito-baleado-na-bahia","status":"publish","type":"post","link":"https:\/\/cidadebaixaonline.com.br\/index.php\/2023\/08\/09\/secretario-de-seguranca-publica-promete-apuracao-rapida-sobre-prefeito-baleado-na-bahia\/","title":{"rendered":"Secret\u00e1rio de Seguran\u00e7a P\u00fablica promete apura\u00e7\u00e3o r\u00e1pida sobre prefeito baleado na Bahia"},"content":{"rendered":"\n<p>O caso em que o prefeito de\u00a0Muritiba, no Rec\u00f4ncavo, Danilo Marques Dias Sampaio, o \u201cDanilo de Bab\u00e3o\u201d (PSD), foi baleado deve ter investiga\u00e7\u00e3o r\u00e1pida. Foi o que disse o secret\u00e1rio estadual da Seguran\u00e7a P\u00fablica, Marcelo Werner, ao deputado estadual Vitor Azevedo (PL). <\/p>\n\n\n\n<p>O gestor segue internado nesta quarta-feira (9) no Hospital Regional de Santo Ant\u00f4nio de Jesus, na mesma regi\u00e3o.\u00a0Danilo de Bab\u00e3o\u00a0foi baleado na noite da \u00faltima segunda (7) quando tr\u00eas homens invadiram um s\u00edtio de propriedade dele na localidade de Carro Quebrado, zona rural do munic\u00edpio.<\/p>\n\n\n\n<p>&#8220;Gra\u00e7as a Deus o estado de sa\u00fade de Danilo \u00e9 est\u00e1vel, mas ele ainda segue na UTI. Conversei com o secret\u00e1rio Marcelo Werner e com o gabinete do governador Jer\u00f4nimo Rodrigues (PT) e obtive o compromisso de que esse caso ser\u00e1 rapidamente solucionado e os bandidos presos&#8221;, declarou o parlamentar, que teve eleitorado em Muritiba.<\/p>\n\n\n\n<p><\/p>\n","protected":false},"excerpt":{"rendered":"<p>O caso em que o prefeito de\u00a0Muritiba, no Rec\u00f4ncavo, Danilo Marques Dias Sampaio, o \u201cDanilo de Bab\u00e3o\u201d (PSD), foi baleado deve ter investiga\u00e7\u00e3o r\u00e1pida. Foi o que disse o secret\u00e1rio estadual da Seguran\u00e7a P\u00fablica, Marcelo Werner, ao deputado estadual Vitor Azevedo (PL). O gestor segue internado nesta quarta-feira (9) no Hospital Regional de Santo Ant\u00f4nio [&hellip;]<\/p>\n","protected":false},"author":2,"featured_media":2864,"comment_status":"open","ping_status":"open","sticky":false,"template":"","format":"standard","meta":{"jnews-multi-image_gallery":[],"jnews_single_post":{"subtitle":"","format":"standard","video":"","gallery":"","source_name":"","source_url":"","via_name":"","via_url":"","override_template":"0","override":[{"template":"1","single_blog_custom":"","parallax":"1","fullscreen":"1","layout":"right-sidebar","sidebar":"default-sidebar","second_sidebar":"default-sidebar","sticky_sidebar":"1","share_position":"top","share_float_style":"share-monocrhome","show_share_counter":"0","show_view_counter":"0","show_featured":"1","show_post_meta":"1","show_post_author":"0","show_post_author_image":"1","show_post_date":"1","post_date_format":"default","post_date_format_custom":"Y\/m\/d","show_post_category":"1","show_post_reading_time":"0","post_reading_time_wpm":"300","show_zoom_button":"0","zoom_button_out_step":"2","zoom_button_in_step":"3","show_post_tag":"1","show_prev_next_post":"1","show_popup_post":"1","number_popup_post":"1","show_author_box":"0","show_post_related":"0","show_inline_post_related":"0"}],"override_image_size":"0","image_override":[{"single_post_thumbnail_size":"no-crop","single_post_gallery_size":"crop-715"}],"trending_post":"0","trending_post_position":"meta","trending_post_label":"Trending","sponsored_post":"0","sponsored_post_label":"Sponsored by","sponsored_post_name":"","sponsored_post_url":"","sponsored_post_logo_enable":"0","sponsored_post_logo":"","sponsored_post_desc":"","disable_ad":"0"},"jnews_primary_category":{"id":"","hide":""},"footnotes":""},"categories":[85,83],"tags":[],"class_list":["post-2862","post","type-post","status-publish","format-standard","has-post-thumbnail","hentry","category-noticias","category-seguranca"],"_links":{"self":[{"href":"https:\/\/cidadebaixaonline.com.br\/index.php\/wp-json\/wp\/v2\/posts\/2862","targetHints":{"allow":["GET"]}}],"collection":[{"href":"https:\/\/cidadebaixaonline.com.br\/index.php\/wp-json\/wp\/v2\/posts"}],"about":[{"href":"https:\/\/cidadebaixaonline.com.br\/index.php\/wp-json\/wp\/v2\/types\/post"}],"author":[{"embeddable":true,"href":"https:\/\/cidadebaixaonline.com.br\/index.php\/wp-json\/wp\/v2\/users\/2"}],"replies":[{"embeddable":true,"href":"https:\/\/cidadebaixaonline.com.br\/index.php\/wp-json\/wp\/v2\/comments?post=2862"}],"version-history":[{"count":0,"href":"https:\/\/cidadebaixaonline.com.br\/index.php\/wp-json\/wp\/v2\/posts\/2862\/revisions"}],"wp:featuredmedia":[{"embeddable":true,"href":"https:\/\/cidadebaixaonline.com.br\/index.php\/wp-json\/wp\/v2\/media\/2864"}],"wp:attachment":[{"href":"https:\/\/cidadebaixaonline.com.br\/index.php\/wp-json\/wp\/v2\/media?parent=2862"}],"wp:term":[{"taxonomy":"category","embeddable":true,"href":"https:\/\/cidadebaixaonline.com.br\/index.php\/wp-json\/wp\/v2\/categories?post=2862"},{"taxonomy":"post_tag","embeddable":true,"href":"https:\/\/cidadebaixaonline.com.br\/index.php\/wp-json\/wp\/v2\/tags?post=2862"}],"curies":[{"name":"wp","href":"https:\/\/api.w.org\/{rel}","templated":true}]}}