{"id":2849,"date":"2023-08-09T10:46:19","date_gmt":"2023-08-09T13:46:19","guid":{"rendered":"https:\/\/cidadebaixaonline.com.br\/?p=2849"},"modified":"2023-08-09T10:46:20","modified_gmt":"2023-08-09T13:46:20","slug":"dezenas-de-lojas-ficam-fechadas-apos-onibus-ser-queimado-em-sao-marcos","status":"publish","type":"post","link":"https:\/\/cidadebaixaonline.com.br\/index.php\/2023\/08\/09\/dezenas-de-lojas-ficam-fechadas-apos-onibus-ser-queimado-em-sao-marcos\/","title":{"rendered":"Dezenas de lojas ficam fechadas ap\u00f3s \u00f4nibus ser queimado em S\u00e3o Marcos"},"content":{"rendered":"\n<p>Mais de 20 lojas comerciais n\u00e3o puderam abrir as portas no in\u00edcio da manh\u00e3 desta quarta-feira (9), na Rua S\u00e3o Marcos, via principal do bairro de S\u00e3o Marcos, onde um \u00f4nibus foi incendiado por dois suspeitos \u00e0s 5h30. As chamas do ve\u00edculo atingiram a fia\u00e7\u00e3o de ao menos oito postes da avenida e os estabelecimentos ficaram sem o servi\u00e7o de energia, o que impossibilitou atividades comerciais no local.<br><br>Um propriet\u00e1rio, que prefere n\u00e3o se identificar, disse n\u00e3o ter condi\u00e7\u00f5es de abrir sem luz. &#8220;Aqui a gente trabalha com lanche, suco, \u00e1gua e n\u00e3o d\u00e1 para fazer nada sem a luz. Cheguei aqui e nem levantei o port\u00e3o, dispensei o pessoal que \u00e9 funcion\u00e1rio e vou perder a manh\u00e3, infelizmente. \u00c9 um hor\u00e1rio importante porque muita gente toma caf\u00e9 aqui&#8221;, explicou, sem saber dimensionar o preju\u00edzo para o estabelecimento.<\/p>\n\n\n\n<p>Procurada para falar sobre o problema, a Neoenergia Coelba confirmou que o fogo atingiu cabos da rede el\u00e9trica, mas afirmou que s\u00f3 parte da rua teve o fornecimento de energia afetado. &#8220;T\u00e9cnicos est\u00e3o no local aguardando libera\u00e7\u00e3o por parte do Corpo de Bombeiros para iniciar o reparo da fia\u00e7\u00e3o e normalizar o fornecimento dos consumidores&#8221;, informa a empresa, sem estimar uma previs\u00e3o de normaliza\u00e7\u00e3o do servi\u00e7o no local.<\/p>\n\n\n\n<p>T\u00e9cnicos na \u00e1rea, no entanto, afirmaram que v\u00e3o precisar de ao menos duas horas para resolver o problema. &#8220;Depois de duas horas, j\u00e1 vai ser 11h. Ou seja, vou ficar fechado a manh\u00e3 toda, praticamente. Uma manh\u00e3 de servi\u00e7o perdida \u00e9 muito preju\u00edzo para quem trabalha com vendas e tem metas a cumprir&#8221;, conta outro propriet\u00e1rio de loja, que pede para n\u00e3o ser identificado.<\/p>\n","protected":false},"excerpt":{"rendered":"<p>Mais de 20 lojas comerciais n\u00e3o puderam abrir as portas no in\u00edcio da manh\u00e3 desta quarta-feira (9), na Rua S\u00e3o Marcos, via principal do bairro de S\u00e3o Marcos, onde um \u00f4nibus foi incendiado por dois suspeitos \u00e0s 5h30. As chamas do ve\u00edculo atingiram a fia\u00e7\u00e3o de ao menos oito postes da avenida e os estabelecimentos [&hellip;]<\/p>\n","protected":false},"author":2,"featured_media":2850,"comment_status":"open","ping_status":"open","sticky":false,"template":"","format":"standard","meta":{"jnews-multi-image_gallery":[],"jnews_single_post":{"subtitle":"","format":"standard","video":"","gallery":"","source_name":"","source_url":"","via_name":"","via_url":"","override_template":"0","override":[{"template":"1","single_blog_custom":"","parallax":"1","fullscreen":"1","layout":"right-sidebar","sidebar":"default-sidebar","second_sidebar":"default-sidebar","sticky_sidebar":"1","share_position":"top","share_float_style":"share-monocrhome","show_share_counter":"0","show_view_counter":"0","show_featured":"1","show_post_meta":"1","show_post_author":"0","show_post_author_image":"1","show_post_date":"1","post_date_format":"default","post_date_format_custom":"Y\/m\/d","show_post_category":"1","show_post_reading_time":"0","post_reading_time_wpm":"300","show_zoom_button":"0","zoom_button_out_step":"2","zoom_button_in_step":"3","show_post_tag":"1","show_prev_next_post":"1","show_popup_post":"1","number_popup_post":"1","show_author_box":"0","show_post_related":"0","show_inline_post_related":"0"}],"override_image_size":"0","image_override":[{"single_post_thumbnail_size":"no-crop","single_post_gallery_size":"crop-715"}],"trending_post":"0","trending_post_position":"meta","trending_post_label":"Trending","sponsored_post":"0","sponsored_post_label":"Sponsored by","sponsored_post_name":"","sponsored_post_url":"","sponsored_post_logo_enable":"0","sponsored_post_logo":"","sponsored_post_desc":"","disable_ad":"0"},"jnews_primary_category":{"id":"","hide":""},"footnotes":""},"categories":[85,83],"tags":[],"class_list":["post-2849","post","type-post","status-publish","format-standard","has-post-thumbnail","hentry","category-noticias","category-seguranca"],"_links":{"self":[{"href":"https:\/\/cidadebaixaonline.com.br\/index.php\/wp-json\/wp\/v2\/posts\/2849","targetHints":{"allow":["GET"]}}],"collection":[{"href":"https:\/\/cidadebaixaonline.com.br\/index.php\/wp-json\/wp\/v2\/posts"}],"about":[{"href":"https:\/\/cidadebaixaonline.com.br\/index.php\/wp-json\/wp\/v2\/types\/post"}],"author":[{"embeddable":true,"href":"https:\/\/cidadebaixaonline.com.br\/index.php\/wp-json\/wp\/v2\/users\/2"}],"replies":[{"embeddable":true,"href":"https:\/\/cidadebaixaonline.com.br\/index.php\/wp-json\/wp\/v2\/comments?post=2849"}],"version-history":[{"count":0,"href":"https:\/\/cidadebaixaonline.com.br\/index.php\/wp-json\/wp\/v2\/posts\/2849\/revisions"}],"wp:featuredmedia":[{"embeddable":true,"href":"https:\/\/cidadebaixaonline.com.br\/index.php\/wp-json\/wp\/v2\/media\/2850"}],"wp:attachment":[{"href":"https:\/\/cidadebaixaonline.com.br\/index.php\/wp-json\/wp\/v2\/media?parent=2849"}],"wp:term":[{"taxonomy":"category","embeddable":true,"href":"https:\/\/cidadebaixaonline.com.br\/index.php\/wp-json\/wp\/v2\/categories?post=2849"},{"taxonomy":"post_tag","embeddable":true,"href":"https:\/\/cidadebaixaonline.com.br\/index.php\/wp-json\/wp\/v2\/tags?post=2849"}],"curies":[{"name":"wp","href":"https:\/\/api.w.org\/{rel}","templated":true}]}}