{"id":2726,"date":"2023-08-07T15:37:47","date_gmt":"2023-08-07T18:37:47","guid":{"rendered":"https:\/\/cidadebaixaonline.com.br\/?p=2726"},"modified":"2023-08-07T15:37:49","modified_gmt":"2023-08-07T18:37:49","slug":"nao-levantamos-a-taca-mas-conquistamos-o-acesso-diz-capitao-do-jacobina-apos-vice-na-serie-b-do-baiano","status":"publish","type":"post","link":"https:\/\/cidadebaixaonline.com.br\/index.php\/2023\/08\/07\/nao-levantamos-a-taca-mas-conquistamos-o-acesso-diz-capitao-do-jacobina-apos-vice-na-serie-b-do-baiano\/","title":{"rendered":"&#8220;N\u00e3o levantamos a ta\u00e7a, mas conquistamos o acesso&#8221;, diz capit\u00e3o do Jacobina ap\u00f3s vice na S\u00e9rie B do Baiano"},"content":{"rendered":"\n<p>O Jacobina terminou com o vice-campeonato da S\u00e9rie B do Campeonato Baiano. O Jegue da Chapada perdeu para o Jequi\u00e9 por 1 a 0, na tarde deste domingo (6), no Est\u00e1dio Waldomiro Borges, pelo segundo jogo da final da competi\u00e7\u00e3o. Ap\u00f3s o apito final, o zagueiro e capit\u00e3o Hugo elogiou o advers\u00e1rio, citou os desfalques que o time teve para a decis\u00e3o e destacou a conquista do acesso \u00e0 elite do futebol baiano no ano que vem.<\/p>\n\n\n\n<p>&#8220;Temos que agradecer por chegarmos aqui. N\u00e3o conseguimos o t\u00edtulo, parab\u00e9ns ao Jequi\u00e9, temos tamb\u00e9m que reconhecer quando um time \u00e9 merecedor e eles foram tamb\u00e9m. Mas acho que lutamos desde o in\u00edcio. N\u00f3s perdemos atletas, temos dois, tr\u00eas que fizeram cirurgias e vieram para c\u00e1, pegando oito horas de viagem para poder lutar junto com a gente pelo menos em pensamentos positivos. S\u00f3 temos que agradecer a Deus, \u00e0 torcida do Jacobina por estar com a gente esse tempo todo. Somos guerreiros e vamos sair daqui de cabe\u00e7a erguida. N\u00e3o levantamos a ta\u00e7a com o t\u00edtulo, mas conquistamos o acesso e acho que nosso grupo e diretoria est\u00e3o de parab\u00e9ns. No pr\u00f3ximo ano a gente se v\u00ea novamente&#8221;, disse em entrevista \u00e0 TVE Bahia.<\/p>\n\n\n\n<p>O discurso de Hugo foi seguido pelo vice-presidente Rafael Damasceno em declara\u00e7\u00e3o divulgada na conta oficial do clube nas redes sociais. Para o dirigente, a ta\u00e7a de vice-campe\u00e3o da Segundona estadual representa o retorno do time \u00e0 S\u00e9rie A.<\/p>\n\n\n\n<p>&#8220;Aqui est\u00e1 o trof\u00e9u do nosso acesso. Quero agradecer a todos os torcedores, patrocinadores e aqueles que acreditaram na gente desde o in\u00edcio. Essa medalha e trof\u00e9u n\u00e3o representam o vice-campeonato, representam nosso acesso, nossa luta. Pode ter certeza que a partir de agora vai vir muito mais conquistas e t\u00edtulos. Vim para agradecer por essa competi\u00e7\u00e3o dif\u00edcil, dura que come\u00e7amos sem ser favoritos. A S\u00e9rie A \u00e9 logo ali e est\u00e1 nos esperando para fazer um bom trabalho&#8221;, afirmou.<\/p>\n","protected":false},"excerpt":{"rendered":"<p>O Jacobina terminou com o vice-campeonato da S\u00e9rie B do Campeonato Baiano. O Jegue da Chapada perdeu para o Jequi\u00e9 por 1 a 0, na tarde deste domingo (6), no Est\u00e1dio Waldomiro Borges, pelo segundo jogo da final da competi\u00e7\u00e3o. Ap\u00f3s o apito final, o zagueiro e capit\u00e3o Hugo elogiou o advers\u00e1rio, citou os desfalques [&hellip;]<\/p>\n","protected":false},"author":2,"featured_media":2727,"comment_status":"open","ping_status":"open","sticky":false,"template":"","format":"standard","meta":{"jnews-multi-image_gallery":[],"jnews_single_post":{"subtitle":"","format":"standard","video":"","gallery":"","source_name":"","source_url":"","via_name":"","via_url":"","override_template":"0","override":[{"template":"1","single_blog_custom":"","parallax":"1","fullscreen":"1","layout":"right-sidebar","sidebar":"default-sidebar","second_sidebar":"default-sidebar","sticky_sidebar":"1","share_position":"top","share_float_style":"share-monocrhome","show_share_counter":"0","show_view_counter":"0","show_featured":"1","show_post_meta":"1","show_post_author":"0","show_post_author_image":"1","show_post_date":"1","post_date_format":"default","post_date_format_custom":"Y\/m\/d","show_post_category":"1","show_post_reading_time":"0","post_reading_time_wpm":"300","show_zoom_button":"0","zoom_button_out_step":"2","zoom_button_in_step":"3","show_post_tag":"1","show_prev_next_post":"1","show_popup_post":"1","number_popup_post":"1","show_author_box":"0","show_post_related":"0","show_inline_post_related":"0"}],"override_image_size":"0","image_override":[{"single_post_thumbnail_size":"no-crop","single_post_gallery_size":"crop-715"}],"trending_post":"0","trending_post_position":"meta","trending_post_label":"Trending","sponsored_post":"0","sponsored_post_label":"Sponsored by","sponsored_post_name":"","sponsored_post_url":"","sponsored_post_logo_enable":"0","sponsored_post_logo":"","sponsored_post_desc":"","disable_ad":"0"},"jnews_primary_category":{"id":"","hide":""},"footnotes":""},"categories":[89,85],"tags":[],"class_list":["post-2726","post","type-post","status-publish","format-standard","has-post-thumbnail","hentry","category-esportes","category-noticias"],"_links":{"self":[{"href":"https:\/\/cidadebaixaonline.com.br\/index.php\/wp-json\/wp\/v2\/posts\/2726","targetHints":{"allow":["GET"]}}],"collection":[{"href":"https:\/\/cidadebaixaonline.com.br\/index.php\/wp-json\/wp\/v2\/posts"}],"about":[{"href":"https:\/\/cidadebaixaonline.com.br\/index.php\/wp-json\/wp\/v2\/types\/post"}],"author":[{"embeddable":true,"href":"https:\/\/cidadebaixaonline.com.br\/index.php\/wp-json\/wp\/v2\/users\/2"}],"replies":[{"embeddable":true,"href":"https:\/\/cidadebaixaonline.com.br\/index.php\/wp-json\/wp\/v2\/comments?post=2726"}],"version-history":[{"count":0,"href":"https:\/\/cidadebaixaonline.com.br\/index.php\/wp-json\/wp\/v2\/posts\/2726\/revisions"}],"wp:featuredmedia":[{"embeddable":true,"href":"https:\/\/cidadebaixaonline.com.br\/index.php\/wp-json\/wp\/v2\/media\/2727"}],"wp:attachment":[{"href":"https:\/\/cidadebaixaonline.com.br\/index.php\/wp-json\/wp\/v2\/media?parent=2726"}],"wp:term":[{"taxonomy":"category","embeddable":true,"href":"https:\/\/cidadebaixaonline.com.br\/index.php\/wp-json\/wp\/v2\/categories?post=2726"},{"taxonomy":"post_tag","embeddable":true,"href":"https:\/\/cidadebaixaonline.com.br\/index.php\/wp-json\/wp\/v2\/tags?post=2726"}],"curies":[{"name":"wp","href":"https:\/\/api.w.org\/{rel}","templated":true}]}}