{"id":2723,"date":"2023-08-07T15:33:25","date_gmt":"2023-08-07T18:33:25","guid":{"rendered":"https:\/\/cidadebaixaonline.com.br\/?p=2723"},"modified":"2023-08-07T15:33:27","modified_gmt":"2023-08-07T18:33:27","slug":"professores-da-rede-estadual-anunciam-mobilizacao-na-al-ba-nesta-terca-e-mantem-indicativo-de-greve","status":"publish","type":"post","link":"https:\/\/cidadebaixaonline.com.br\/index.php\/2023\/08\/07\/professores-da-rede-estadual-anunciam-mobilizacao-na-al-ba-nesta-terca-e-mantem-indicativo-de-greve\/","title":{"rendered":"Professores da rede estadual anunciam mobiliza\u00e7\u00e3o na AL-BA nesta ter\u00e7a e mant\u00e9m indicativo de greve"},"content":{"rendered":"\n<p> <p>Os professores da rede estadual de ensino anunciaram que ir\u00e3o realizar uma manifesta\u00e7\u00e3o na Assembleia Legislativa da Bahia (AL-BA) e na Comiss\u00e3o de Educa\u00e7\u00e3o na pr\u00f3xima ter\u00e7a-feira (8), a partir das 9h. A categoria tem buscado pressionar o governo do estado por conta dos pagamentos da segunda parcela dos precat\u00f3rios do Fundef. A Associa\u00e7\u00e3o Classista da Educa\u00e7\u00e3o e Esporte da Bahia (Aceb) tem\u00a0mobilizado os professores para uma poss\u00edvel realiza\u00e7\u00e3o de greve.<\/p>   <p>A Aceb espera que o governo e os deputados estaduais aprovem a nova regulamenta\u00e7\u00e3o conforme previsto na Emenda Constitucional 114 e demais legisla\u00e7\u00f5es pertinentes. A associa\u00e7\u00e3o afirma que os professores n\u00e3o ir\u00e3o aceitar receber a segunda parcela dos precat\u00f3rios do Fundef sem a corre\u00e7\u00e3o dos juros e mora.<\/p>   <p>A presidente da Aceb, Marinalva Nunes, pediu ao governador, Jer\u00f4nimo Rodrigues (PT) para seguir a legisla\u00e7\u00e3o e afirmou que os professores benefici\u00e1rios dos precat\u00f3rios s\u00e3o, majoritariamente, idosos e alguns, inclusive, encontram-se em situa\u00e7\u00e3o de vulnerabilidade social.\u00a0<\/p>   <p>&#8220;Nossa reivindica\u00e7\u00e3o \u00e9 que a nova regulamenta\u00e7\u00e3o se d\u00ea para que a parcela desse ano e a do pr\u00f3ximo ano \u00a0sejam pagas contemplando os juros e mora. Portanto, agosto ser\u00e1 um m\u00eas de luta. Estaremos na ALBA. N\u00e3o sairemos da ALBA enquanto n\u00e3o conseguirmos aprovar a nova regulamenta\u00e7\u00e3o. A ansiedade e a necessidade dos benefici\u00e1rios s\u00e3o grandes, pois s\u00e3o, na sua grande maioria, idosos e precisam com urg\u00eancia desse rateio&#8221;, afirmou a presidente.<\/p> <\/p>\n","protected":false},"excerpt":{"rendered":"<p>Os professores da rede estadual de ensino anunciaram que ir\u00e3o realizar uma manifesta\u00e7\u00e3o na Assembleia Legislativa da Bahia (AL-BA) e na Comiss\u00e3o de Educa\u00e7\u00e3o na pr\u00f3xima ter\u00e7a-feira (8), a partir das 9h. A categoria tem buscado pressionar o governo do estado por conta dos pagamentos da segunda parcela dos precat\u00f3rios do Fundef. A Associa\u00e7\u00e3o Classista [&hellip;]<\/p>\n","protected":false},"author":2,"featured_media":2724,"comment_status":"open","ping_status":"open","sticky":false,"template":"","format":"standard","meta":{"jnews-multi-image_gallery":[],"jnews_single_post":{"subtitle":"","format":"standard","video":"","gallery":"","source_name":"","source_url":"","via_name":"","via_url":"","override_template":"0","override":[{"template":"1","single_blog_custom":"","parallax":"1","fullscreen":"1","layout":"right-sidebar","sidebar":"default-sidebar","second_sidebar":"default-sidebar","sticky_sidebar":"1","share_position":"top","share_float_style":"share-monocrhome","show_share_counter":"0","show_view_counter":"0","show_featured":"1","show_post_meta":"1","show_post_author":"0","show_post_author_image":"1","show_post_date":"1","post_date_format":"default","post_date_format_custom":"Y\/m\/d","show_post_category":"1","show_post_reading_time":"0","post_reading_time_wpm":"300","show_zoom_button":"0","zoom_button_out_step":"2","zoom_button_in_step":"3","show_post_tag":"1","show_prev_next_post":"1","show_popup_post":"1","number_popup_post":"1","show_author_box":"0","show_post_related":"0","show_inline_post_related":"0"}],"override_image_size":"0","image_override":[{"single_post_thumbnail_size":"no-crop","single_post_gallery_size":"crop-715"}],"trending_post":"0","trending_post_position":"meta","trending_post_label":"Trending","sponsored_post":"0","sponsored_post_label":"Sponsored by","sponsored_post_name":"","sponsored_post_url":"","sponsored_post_logo_enable":"0","sponsored_post_logo":"","sponsored_post_desc":"","disable_ad":"0"},"jnews_primary_category":{"id":"","hide":""},"footnotes":""},"categories":[90,85],"tags":[],"class_list":["post-2723","post","type-post","status-publish","format-standard","has-post-thumbnail","hentry","category-bahia","category-noticias"],"_links":{"self":[{"href":"https:\/\/cidadebaixaonline.com.br\/index.php\/wp-json\/wp\/v2\/posts\/2723","targetHints":{"allow":["GET"]}}],"collection":[{"href":"https:\/\/cidadebaixaonline.com.br\/index.php\/wp-json\/wp\/v2\/posts"}],"about":[{"href":"https:\/\/cidadebaixaonline.com.br\/index.php\/wp-json\/wp\/v2\/types\/post"}],"author":[{"embeddable":true,"href":"https:\/\/cidadebaixaonline.com.br\/index.php\/wp-json\/wp\/v2\/users\/2"}],"replies":[{"embeddable":true,"href":"https:\/\/cidadebaixaonline.com.br\/index.php\/wp-json\/wp\/v2\/comments?post=2723"}],"version-history":[{"count":0,"href":"https:\/\/cidadebaixaonline.com.br\/index.php\/wp-json\/wp\/v2\/posts\/2723\/revisions"}],"wp:featuredmedia":[{"embeddable":true,"href":"https:\/\/cidadebaixaonline.com.br\/index.php\/wp-json\/wp\/v2\/media\/2724"}],"wp:attachment":[{"href":"https:\/\/cidadebaixaonline.com.br\/index.php\/wp-json\/wp\/v2\/media?parent=2723"}],"wp:term":[{"taxonomy":"category","embeddable":true,"href":"https:\/\/cidadebaixaonline.com.br\/index.php\/wp-json\/wp\/v2\/categories?post=2723"},{"taxonomy":"post_tag","embeddable":true,"href":"https:\/\/cidadebaixaonline.com.br\/index.php\/wp-json\/wp\/v2\/tags?post=2723"}],"curies":[{"name":"wp","href":"https:\/\/api.w.org\/{rel}","templated":true}]}}