{"id":2720,"date":"2023-08-07T15:11:54","date_gmt":"2023-08-07T18:11:54","guid":{"rendered":"https:\/\/cidadebaixaonline.com.br\/?p=2720"},"modified":"2023-08-07T15:11:57","modified_gmt":"2023-08-07T18:11:57","slug":"policia-civil-inaugura-unidade-no-sac-com-atendimento-para-mulheres","status":"publish","type":"post","link":"https:\/\/cidadebaixaonline.com.br\/index.php\/2023\/08\/07\/policia-civil-inaugura-unidade-no-sac-com-atendimento-para-mulheres\/","title":{"rendered":"Pol\u00edcia Civil inaugura unidade no SAC com atendimento para mulheres"},"content":{"rendered":"\n<p>Uma unidade da Pol\u00edcia Civil foi inaugurada no SAC Salvador Shopping, nesta segunda-feira (7), para registros de ocorr\u00eancias do p\u00fablico em geral, com foco no atendimento \u00e0s v\u00edtimas de viol\u00eancia dom\u00e9stica e familiar. O servi\u00e7o \u00e9 uma parceria da Secretaria de Administra\u00e7\u00e3o do estado da Bahia (Saeb) e a Pol\u00edcia Civil.<br><br>Os atendimentos ser\u00e3o realizados por meio de agendamento no SAC Digital, de segunda a sexta, das 9 \u00e0s 18h, para o p\u00fablico em geral. Inicialmente, os depoimentos online para o p\u00fablico feminino acontecer\u00e3o pela tarde, \u00e0s quartas-feiras.<\/p>\n\n\n\n<p>A iniciativa acontece no dia de mobiliza\u00e7\u00e3o pela Lei Maria da Penha, que completa 17 anos em 2023, como pontua a delegada-geral, Helo\u00edsa Campos de Brito. \u201cEm uma data t\u00e3o emblem\u00e1tica, como o 7 de agosto, dia de mobiliza\u00e7\u00e3o pela Lei Maria da Penha, que neste ano completa 17 anos, a partir desta uni\u00e3o de esfor\u00e7os e expertise do SAC com a Pol\u00edcia Civil, est\u00e1 sendo implementado um servi\u00e7o de acolhimento e efici\u00eancia, em um ambiente mais acess\u00edvel para as mulheres. N\u00e3o esquecendo que todos os cidad\u00e3os tamb\u00e9m ter\u00e3o mais agilidade e comodidade para registrar ocorr\u00eancias. \u00c9 esta integra\u00e7\u00e3o interinstitucional que faz a diferen\u00e7a no cuidado com a popula\u00e7\u00e3o\u201d, avalia.<\/p>\n","protected":false},"excerpt":{"rendered":"<p>Uma unidade da Pol\u00edcia Civil foi inaugurada no SAC Salvador Shopping, nesta segunda-feira (7), para registros de ocorr\u00eancias do p\u00fablico em geral, com foco no atendimento \u00e0s v\u00edtimas de viol\u00eancia dom\u00e9stica e familiar. O servi\u00e7o \u00e9 uma parceria da Secretaria de Administra\u00e7\u00e3o do estado da Bahia (Saeb) e a Pol\u00edcia Civil. Os atendimentos ser\u00e3o realizados [&hellip;]<\/p>\n","protected":false},"author":2,"featured_media":2721,"comment_status":"open","ping_status":"open","sticky":false,"template":"","format":"standard","meta":{"jnews-multi-image_gallery":[],"jnews_single_post":{"subtitle":"","format":"standard","video":"","gallery":"","source_name":"","source_url":"","via_name":"","via_url":"","override_template":"0","override":[{"template":"1","single_blog_custom":"","parallax":"1","fullscreen":"1","layout":"right-sidebar","sidebar":"default-sidebar","second_sidebar":"default-sidebar","sticky_sidebar":"1","share_position":"top","share_float_style":"share-monocrhome","show_share_counter":"0","show_view_counter":"0","show_featured":"1","show_post_meta":"1","show_post_author":"0","show_post_author_image":"1","show_post_date":"1","post_date_format":"default","post_date_format_custom":"Y\/m\/d","show_post_category":"1","show_post_reading_time":"0","post_reading_time_wpm":"300","show_zoom_button":"0","zoom_button_out_step":"2","zoom_button_in_step":"3","show_post_tag":"1","show_prev_next_post":"1","show_popup_post":"1","number_popup_post":"1","show_author_box":"0","show_post_related":"0","show_inline_post_related":"0"}],"override_image_size":"0","image_override":[{"single_post_thumbnail_size":"no-crop","single_post_gallery_size":"crop-715"}],"trending_post":"0","trending_post_position":"meta","trending_post_label":"Trending","sponsored_post":"0","sponsored_post_label":"Sponsored by","sponsored_post_name":"","sponsored_post_url":"","sponsored_post_logo_enable":"0","sponsored_post_logo":"","sponsored_post_desc":"","disable_ad":"0"},"jnews_primary_category":{"id":"","hide":""},"footnotes":""},"categories":[85,83],"tags":[],"class_list":["post-2720","post","type-post","status-publish","format-standard","has-post-thumbnail","hentry","category-noticias","category-seguranca"],"_links":{"self":[{"href":"https:\/\/cidadebaixaonline.com.br\/index.php\/wp-json\/wp\/v2\/posts\/2720","targetHints":{"allow":["GET"]}}],"collection":[{"href":"https:\/\/cidadebaixaonline.com.br\/index.php\/wp-json\/wp\/v2\/posts"}],"about":[{"href":"https:\/\/cidadebaixaonline.com.br\/index.php\/wp-json\/wp\/v2\/types\/post"}],"author":[{"embeddable":true,"href":"https:\/\/cidadebaixaonline.com.br\/index.php\/wp-json\/wp\/v2\/users\/2"}],"replies":[{"embeddable":true,"href":"https:\/\/cidadebaixaonline.com.br\/index.php\/wp-json\/wp\/v2\/comments?post=2720"}],"version-history":[{"count":0,"href":"https:\/\/cidadebaixaonline.com.br\/index.php\/wp-json\/wp\/v2\/posts\/2720\/revisions"}],"wp:featuredmedia":[{"embeddable":true,"href":"https:\/\/cidadebaixaonline.com.br\/index.php\/wp-json\/wp\/v2\/media\/2721"}],"wp:attachment":[{"href":"https:\/\/cidadebaixaonline.com.br\/index.php\/wp-json\/wp\/v2\/media?parent=2720"}],"wp:term":[{"taxonomy":"category","embeddable":true,"href":"https:\/\/cidadebaixaonline.com.br\/index.php\/wp-json\/wp\/v2\/categories?post=2720"},{"taxonomy":"post_tag","embeddable":true,"href":"https:\/\/cidadebaixaonline.com.br\/index.php\/wp-json\/wp\/v2\/tags?post=2720"}],"curies":[{"name":"wp","href":"https:\/\/api.w.org\/{rel}","templated":true}]}}