{"id":2717,"date":"2023-08-07T15:05:19","date_gmt":"2023-08-07T18:05:19","guid":{"rendered":"https:\/\/cidadebaixaonline.com.br\/?p=2717"},"modified":"2023-08-07T15:05:21","modified_gmt":"2023-08-07T18:05:21","slug":"detento-morre-espancado-durante-banho-de-sol-no-presidio-de-feira-de-santana","status":"publish","type":"post","link":"https:\/\/cidadebaixaonline.com.br\/index.php\/2023\/08\/07\/detento-morre-espancado-durante-banho-de-sol-no-presidio-de-feira-de-santana\/","title":{"rendered":"Detento morre espancado durante banho de sol no pres\u00eddio de Feira de Santana"},"content":{"rendered":"\n<p>Um detento morreu espancado durante o banho de sol no pres\u00eddio de Feira de Santana, na Bahia, no \u00faltimo s\u00e1bado (5). Raimundo de Jesus Santos tinha 30 anos e estava preso na unidade desde maio, por conta de tr\u00e1fico de drogas.<br><br>De acordo com a Secretaria de&nbsp;Estado de Administra\u00e7\u00e3o Penitenci\u00e1ria (Seap), dois presos entraram em luta corporal durante o banho de sol. Quando foi levado aos policiais penais de plant\u00e3o, Raimundo j\u00e1 estava desacordado. O atendimento m\u00e9dico j\u00e1 constatou que ele estava sem vida.<\/p>\n\n\n\n<p>O outro interno envolvido na briga foi levado para a delegacia, onde confessou o crime. Alexandre Ara\u00fajo foi autuado em flagrante por homic\u00eddio, segundo a Seap. N\u00e3o foi informado o que motivou o desentendimento entre os dois presos.&nbsp;<\/p>\n\n\n\n<p>Alexandre vai passar por san\u00e7\u00f5es internas no pres\u00eddio e seguir\u00e1 \u00e0 disposi\u00e7\u00e3o da Justi\u00e7a.&nbsp;<\/p>\n","protected":false},"excerpt":{"rendered":"<p>Um detento morreu espancado durante o banho de sol no pres\u00eddio de Feira de Santana, na Bahia, no \u00faltimo s\u00e1bado (5). Raimundo de Jesus Santos tinha 30 anos e estava preso na unidade desde maio, por conta de tr\u00e1fico de drogas. De acordo com a Secretaria de&nbsp;Estado de Administra\u00e7\u00e3o Penitenci\u00e1ria (Seap), dois presos entraram em [&hellip;]<\/p>\n","protected":false},"author":2,"featured_media":2718,"comment_status":"open","ping_status":"open","sticky":false,"template":"","format":"standard","meta":{"jnews-multi-image_gallery":[],"jnews_single_post":{"subtitle":"","format":"standard","video":"","gallery":"","source_name":"","source_url":"","via_name":"","via_url":"","override_template":"0","override":[{"template":"1","single_blog_custom":"","parallax":"1","fullscreen":"1","layout":"right-sidebar","sidebar":"default-sidebar","second_sidebar":"default-sidebar","sticky_sidebar":"1","share_position":"top","share_float_style":"share-monocrhome","show_share_counter":"0","show_view_counter":"0","show_featured":"1","show_post_meta":"1","show_post_author":"0","show_post_author_image":"1","show_post_date":"1","post_date_format":"default","post_date_format_custom":"Y\/m\/d","show_post_category":"1","show_post_reading_time":"0","post_reading_time_wpm":"300","show_zoom_button":"0","zoom_button_out_step":"2","zoom_button_in_step":"3","show_post_tag":"1","show_prev_next_post":"1","show_popup_post":"1","number_popup_post":"1","show_author_box":"0","show_post_related":"0","show_inline_post_related":"0"}],"override_image_size":"0","image_override":[{"single_post_thumbnail_size":"no-crop","single_post_gallery_size":"crop-715"}],"trending_post":"0","trending_post_position":"meta","trending_post_label":"Trending","sponsored_post":"0","sponsored_post_label":"Sponsored by","sponsored_post_name":"","sponsored_post_url":"","sponsored_post_logo_enable":"0","sponsored_post_logo":"","sponsored_post_desc":"","disable_ad":"0"},"jnews_primary_category":{"id":"","hide":""},"footnotes":""},"categories":[85,83],"tags":[],"class_list":["post-2717","post","type-post","status-publish","format-standard","has-post-thumbnail","hentry","category-noticias","category-seguranca"],"_links":{"self":[{"href":"https:\/\/cidadebaixaonline.com.br\/index.php\/wp-json\/wp\/v2\/posts\/2717","targetHints":{"allow":["GET"]}}],"collection":[{"href":"https:\/\/cidadebaixaonline.com.br\/index.php\/wp-json\/wp\/v2\/posts"}],"about":[{"href":"https:\/\/cidadebaixaonline.com.br\/index.php\/wp-json\/wp\/v2\/types\/post"}],"author":[{"embeddable":true,"href":"https:\/\/cidadebaixaonline.com.br\/index.php\/wp-json\/wp\/v2\/users\/2"}],"replies":[{"embeddable":true,"href":"https:\/\/cidadebaixaonline.com.br\/index.php\/wp-json\/wp\/v2\/comments?post=2717"}],"version-history":[{"count":0,"href":"https:\/\/cidadebaixaonline.com.br\/index.php\/wp-json\/wp\/v2\/posts\/2717\/revisions"}],"wp:featuredmedia":[{"embeddable":true,"href":"https:\/\/cidadebaixaonline.com.br\/index.php\/wp-json\/wp\/v2\/media\/2718"}],"wp:attachment":[{"href":"https:\/\/cidadebaixaonline.com.br\/index.php\/wp-json\/wp\/v2\/media?parent=2717"}],"wp:term":[{"taxonomy":"category","embeddable":true,"href":"https:\/\/cidadebaixaonline.com.br\/index.php\/wp-json\/wp\/v2\/categories?post=2717"},{"taxonomy":"post_tag","embeddable":true,"href":"https:\/\/cidadebaixaonline.com.br\/index.php\/wp-json\/wp\/v2\/tags?post=2717"}],"curies":[{"name":"wp","href":"https:\/\/api.w.org\/{rel}","templated":true}]}}