{"id":2706,"date":"2023-08-07T14:33:38","date_gmt":"2023-08-07T17:33:38","guid":{"rendered":"https:\/\/cidadebaixaonline.com.br\/?p=2706"},"modified":"2023-08-07T14:33:40","modified_gmt":"2023-08-07T17:33:40","slug":"romaria-de-bom-jesus-da-lapa-e-reconhecida-como-patrimonio-imaterial-da-bahia","status":"publish","type":"post","link":"https:\/\/cidadebaixaonline.com.br\/index.php\/2023\/08\/07\/romaria-de-bom-jesus-da-lapa-e-reconhecida-como-patrimonio-imaterial-da-bahia\/","title":{"rendered":"Romaria de Bom Jesus da Lapa \u00e9 reconhecida como Patrim\u00f4nio Imaterial da Bahia"},"content":{"rendered":"\n<p>O governador da Bahia,&nbsp;Jer\u00f4nimo Rodrigues, oficializou o reconhecimento do registro especial da Romaria de&nbsp;Bom Jesus da Lapa, no oeste da Bahia, como Patrim\u00f4nio Cultural Imaterial do estado. A medida foi tomada na missa festiva que celebrou os 332 anos do evento religioso, na manh\u00e3 deste domingo (6).<\/p>\n\n\n\n<p>As celebra\u00e7\u00f5es come\u00e7aram na manh\u00e3 de sexta-feira (4) e estimativa \u00e9 de que re\u00fana 600 mil pessoas e movimente cerca de R$ 1 milh\u00e3o na economia local at\u00e9 ter\u00e7a-feira (8).<\/p>\n\n\n\n<p>Al\u00e9m de Jer\u00f4nimo Rodrigues, estiveram presentes o secret\u00e1rio de Cultura, Bruno Monteiro, a diretora do Instituto do Patrim\u00f4nio Art\u00edstico e Cultural da Bahia (IPAC), Luciana Mandelli, al\u00e9m do prefeito da cidade, F\u00e1bio Nunes, do reitor do Santu\u00e1rio Padre, Jo\u00e3o Batista e o deputado estadual Eures Ribeiro.<\/p>\n\n\n\n<p>Desde 2017, o IPAC realizava estudos e a composi\u00e7\u00e3o de um dossi\u00ea sobre a import\u00e2ncia e a salvaguarda da Romaria de Bom Jesus da Lapa.<\/p>\n\n\n\n<p>O documento defende a relev\u00e2ncia da Romaria de Bom Jesus da Lapa como uma manifesta\u00e7\u00e3o de cunho religioso cat\u00f3lico, com marcas do catolicismo popular, refletindo a f\u00e9 e religiosidade preservada e salvaguardada com tra\u00e7os culturais singulares.<\/p>\n\n\n\n<figure class=\"wp-block-image size-full\"><img loading=\"lazy\" decoding=\"async\" width=\"1024\" height=\"897\" src=\"https:\/\/cidadebaixaonline.com.br\/wp-content\/uploads\/2023\/08\/image.png\" alt=\"\" class=\"wp-image-2708\" srcset=\"https:\/\/cidadebaixaonline.com.br\/wp-content\/uploads\/2023\/08\/image.png 1024w, https:\/\/cidadebaixaonline.com.br\/wp-content\/uploads\/2023\/08\/image-300x263.png 300w, https:\/\/cidadebaixaonline.com.br\/wp-content\/uploads\/2023\/08\/image-768x673.png 768w\" sizes=\"auto, (max-width: 1024px) 100vw, 1024px\" \/><\/figure>\n","protected":false},"excerpt":{"rendered":"<p>O governador da Bahia,&nbsp;Jer\u00f4nimo Rodrigues, oficializou o reconhecimento do registro especial da Romaria de&nbsp;Bom Jesus da Lapa, no oeste da Bahia, como Patrim\u00f4nio Cultural Imaterial do estado. A medida foi tomada na missa festiva que celebrou os 332 anos do evento religioso, na manh\u00e3 deste domingo (6). As celebra\u00e7\u00f5es come\u00e7aram na manh\u00e3 de sexta-feira (4) [&hellip;]<\/p>\n","protected":false},"author":2,"featured_media":2707,"comment_status":"open","ping_status":"open","sticky":false,"template":"","format":"standard","meta":{"jnews-multi-image_gallery":[],"jnews_single_post":{"subtitle":"","format":"standard","video":"","gallery":"","source_name":"","source_url":"","via_name":"","via_url":"","override_template":"0","override":[{"template":"1","single_blog_custom":"","parallax":"1","fullscreen":"1","layout":"right-sidebar","sidebar":"default-sidebar","second_sidebar":"default-sidebar","sticky_sidebar":"1","share_position":"top","share_float_style":"share-monocrhome","show_share_counter":"0","show_view_counter":"0","show_featured":"1","show_post_meta":"1","show_post_author":"0","show_post_author_image":"1","show_post_date":"1","post_date_format":"default","post_date_format_custom":"Y\/m\/d","show_post_category":"1","show_post_reading_time":"0","post_reading_time_wpm":"300","show_zoom_button":"0","zoom_button_out_step":"2","zoom_button_in_step":"3","show_post_tag":"1","show_prev_next_post":"1","show_popup_post":"1","number_popup_post":"1","show_author_box":"0","show_post_related":"0","show_inline_post_related":"0"}],"override_image_size":"0","image_override":[{"single_post_thumbnail_size":"no-crop","single_post_gallery_size":"crop-715"}],"trending_post":"0","trending_post_position":"meta","trending_post_label":"Trending","sponsored_post":"0","sponsored_post_label":"Sponsored by","sponsored_post_name":"","sponsored_post_url":"","sponsored_post_logo_enable":"0","sponsored_post_logo":"","sponsored_post_desc":"","disable_ad":"0"},"jnews_primary_category":{"id":"","hide":""},"footnotes":""},"categories":[90,85],"tags":[],"class_list":["post-2706","post","type-post","status-publish","format-standard","has-post-thumbnail","hentry","category-bahia","category-noticias"],"_links":{"self":[{"href":"https:\/\/cidadebaixaonline.com.br\/index.php\/wp-json\/wp\/v2\/posts\/2706","targetHints":{"allow":["GET"]}}],"collection":[{"href":"https:\/\/cidadebaixaonline.com.br\/index.php\/wp-json\/wp\/v2\/posts"}],"about":[{"href":"https:\/\/cidadebaixaonline.com.br\/index.php\/wp-json\/wp\/v2\/types\/post"}],"author":[{"embeddable":true,"href":"https:\/\/cidadebaixaonline.com.br\/index.php\/wp-json\/wp\/v2\/users\/2"}],"replies":[{"embeddable":true,"href":"https:\/\/cidadebaixaonline.com.br\/index.php\/wp-json\/wp\/v2\/comments?post=2706"}],"version-history":[{"count":0,"href":"https:\/\/cidadebaixaonline.com.br\/index.php\/wp-json\/wp\/v2\/posts\/2706\/revisions"}],"wp:featuredmedia":[{"embeddable":true,"href":"https:\/\/cidadebaixaonline.com.br\/index.php\/wp-json\/wp\/v2\/media\/2707"}],"wp:attachment":[{"href":"https:\/\/cidadebaixaonline.com.br\/index.php\/wp-json\/wp\/v2\/media?parent=2706"}],"wp:term":[{"taxonomy":"category","embeddable":true,"href":"https:\/\/cidadebaixaonline.com.br\/index.php\/wp-json\/wp\/v2\/categories?post=2706"},{"taxonomy":"post_tag","embeddable":true,"href":"https:\/\/cidadebaixaonline.com.br\/index.php\/wp-json\/wp\/v2\/tags?post=2706"}],"curies":[{"name":"wp","href":"https:\/\/api.w.org\/{rel}","templated":true}]}}