{"id":2700,"date":"2023-08-07T14:23:04","date_gmt":"2023-08-07T17:23:04","guid":{"rendered":"https:\/\/cidadebaixaonline.com.br\/?p=2700"},"modified":"2023-08-07T14:23:07","modified_gmt":"2023-08-07T17:23:07","slug":"apos-acoes-da-pm-com-30-mortes-em-8-dias-e-criticas-governador-da-ba-fala-em-apuracao-de-eventual-excesso","status":"publish","type":"post","link":"https:\/\/cidadebaixaonline.com.br\/index.php\/2023\/08\/07\/apos-acoes-da-pm-com-30-mortes-em-8-dias-e-criticas-governador-da-ba-fala-em-apuracao-de-eventual-excesso\/","title":{"rendered":"Ap\u00f3s a\u00e7\u00f5es da PM com 30 mortes em 8 dias e cr\u00edticas governador da BA fala em &#8216;apura\u00e7\u00e3o de eventual excesso&#8217;"},"content":{"rendered":"\n<p>O governador da Bahia,&nbsp;Jer\u00f4nimo Rodrigues, usou as redes sociais, nesta segunda-feira (7), para dizer que a &#8220;eventuais excessos&#8221; ser\u00e3o apurados em a\u00e7\u00f5es da Pol\u00edcia Militar, que terminaram com 30 mortes no estado. O governo federal acompanha as investiga\u00e7\u00f5es.<\/p>\n\n\n\n<p>No s\u00e1bado (5), o ministro dos Direitos Humanos e Cidadania (MDHC),&nbsp;Silvio Almeida, informou que&nbsp;acionou a Ouvidoria Nacional dos Direitos Humanos&nbsp;e afirmou que as mortes &#8220;n\u00e3o s\u00e3o compat\u00edveis com um pa\u00eds que se pretende democr\u00e1tico e em conson\u00e2ncia com os Direitos Humanos&#8221;.<\/p>\n\n\n\n<p>Na publica\u00e7\u00e3o feita em uma rede social nesta manh\u00e3, Jer\u00f4nimo disse que conversou com o ministro no domingo (6) sobre as a\u00e7\u00f5es de preven\u00e7\u00e3o \u00e0 viol\u00eancia e redu\u00e7\u00e3o da letalidade policial. &nbsp;Veja publica\u00e7\u00e3o completa abaixo:<\/p>\n\n\n\n<figure class=\"wp-block-image size-full\"><img decoding=\"async\" src=\"https:\/\/salvadoracontece.com.br\/wp-content\/uploads\/2023\/08\/tweet-jeronimo.jpg\" alt=\"\" class=\"wp-image-2710\"\/><\/figure>\n","protected":false},"excerpt":{"rendered":"<p>O governador da Bahia,&nbsp;Jer\u00f4nimo Rodrigues, usou as redes sociais, nesta segunda-feira (7), para dizer que a &#8220;eventuais excessos&#8221; ser\u00e3o apurados em a\u00e7\u00f5es da Pol\u00edcia Militar, que terminaram com 30 mortes no estado. O governo federal acompanha as investiga\u00e7\u00f5es. No s\u00e1bado (5), o ministro dos Direitos Humanos e Cidadania (MDHC),&nbsp;Silvio Almeida, informou que&nbsp;acionou a Ouvidoria Nacional [&hellip;]<\/p>\n","protected":false},"author":2,"featured_media":2701,"comment_status":"open","ping_status":"open","sticky":false,"template":"","format":"standard","meta":{"jnews-multi-image_gallery":[],"jnews_single_post":{"subtitle":"","format":"standard","video":"","gallery":"","source_name":"","source_url":"","via_name":"","via_url":"","override_template":"0","override":[{"template":"1","single_blog_custom":"","parallax":"1","fullscreen":"1","layout":"right-sidebar","sidebar":"default-sidebar","second_sidebar":"default-sidebar","sticky_sidebar":"1","share_position":"top","share_float_style":"share-monocrhome","show_share_counter":"0","show_view_counter":"0","show_featured":"1","show_post_meta":"1","show_post_author":"0","show_post_author_image":"1","show_post_date":"1","post_date_format":"default","post_date_format_custom":"Y\/m\/d","show_post_category":"1","show_post_reading_time":"0","post_reading_time_wpm":"300","show_zoom_button":"0","zoom_button_out_step":"2","zoom_button_in_step":"3","show_post_tag":"1","show_prev_next_post":"1","show_popup_post":"1","number_popup_post":"1","show_author_box":"0","show_post_related":"0","show_inline_post_related":"0"}],"override_image_size":"0","image_override":[{"single_post_thumbnail_size":"no-crop","single_post_gallery_size":"crop-715"}],"trending_post":"0","trending_post_position":"meta","trending_post_label":"Trending","sponsored_post":"0","sponsored_post_label":"Sponsored by","sponsored_post_name":"","sponsored_post_url":"","sponsored_post_logo_enable":"0","sponsored_post_logo":"","sponsored_post_desc":"","disable_ad":"0"},"jnews_primary_category":{"id":"","hide":""},"footnotes":""},"categories":[85,83],"tags":[],"class_list":["post-2700","post","type-post","status-publish","format-standard","has-post-thumbnail","hentry","category-noticias","category-seguranca"],"_links":{"self":[{"href":"https:\/\/cidadebaixaonline.com.br\/index.php\/wp-json\/wp\/v2\/posts\/2700","targetHints":{"allow":["GET"]}}],"collection":[{"href":"https:\/\/cidadebaixaonline.com.br\/index.php\/wp-json\/wp\/v2\/posts"}],"about":[{"href":"https:\/\/cidadebaixaonline.com.br\/index.php\/wp-json\/wp\/v2\/types\/post"}],"author":[{"embeddable":true,"href":"https:\/\/cidadebaixaonline.com.br\/index.php\/wp-json\/wp\/v2\/users\/2"}],"replies":[{"embeddable":true,"href":"https:\/\/cidadebaixaonline.com.br\/index.php\/wp-json\/wp\/v2\/comments?post=2700"}],"version-history":[{"count":0,"href":"https:\/\/cidadebaixaonline.com.br\/index.php\/wp-json\/wp\/v2\/posts\/2700\/revisions"}],"wp:featuredmedia":[{"embeddable":true,"href":"https:\/\/cidadebaixaonline.com.br\/index.php\/wp-json\/wp\/v2\/media\/2701"}],"wp:attachment":[{"href":"https:\/\/cidadebaixaonline.com.br\/index.php\/wp-json\/wp\/v2\/media?parent=2700"}],"wp:term":[{"taxonomy":"category","embeddable":true,"href":"https:\/\/cidadebaixaonline.com.br\/index.php\/wp-json\/wp\/v2\/categories?post=2700"},{"taxonomy":"post_tag","embeddable":true,"href":"https:\/\/cidadebaixaonline.com.br\/index.php\/wp-json\/wp\/v2\/tags?post=2700"}],"curies":[{"name":"wp","href":"https:\/\/api.w.org\/{rel}","templated":true}]}}