{"id":2697,"date":"2023-08-07T14:16:04","date_gmt":"2023-08-07T17:16:04","guid":{"rendered":"https:\/\/cidadebaixaonline.com.br\/?p=2697"},"modified":"2023-08-07T14:16:39","modified_gmt":"2023-08-07T17:16:39","slug":"prf-prende-homem-transportando-tabletes-de-cocaina-em-onibus","status":"publish","type":"post","link":"https:\/\/cidadebaixaonline.com.br\/index.php\/2023\/08\/07\/prf-prende-homem-transportando-tabletes-de-cocaina-em-onibus\/","title":{"rendered":"PRF prende homem transportando tabletes de coca\u00edna em \u00f4nibus"},"content":{"rendered":"\n<p>Na tarde deste domingo (06), no Km 205 da BR 135, em S\u00e3o Desid\u00e9rio, no oeste baiano, a PRF prendeu um traficante com droga em um \u00f4nibus de viagem. O homem de 24 anos levava 26,59 Kg de coca\u00edna.<\/p>\n\n\n\n<p>Durante opera\u00e7\u00e3o de combate ao crime foi abordado um \u00f4nibus de turismo. Ao subirem no ve\u00edculo, os policiais iniciaram a checagem da documenta\u00e7\u00e3o do motorista e dos ocupantes.<\/p>\n\n\n\n<p>Um dos passageiros levava duas mochilas debaixo da poltrona onde ele estava sentado. Ap\u00f3s alguns minutos de conversa, ele confessou que transportava droga. Dentro das mochilhas, foram localizados tabletes de coca\u00edna , que posteriormente somaram 26,59 Kg (Vinte e seis quilos e quinhentas e noventa gramas) da droga.<\/p>\n\n\n\n<p>O homem que reside no estado do Piau\u00ed, admitiu que \u2018pegou\u2019 a coca\u00edna na comunidade de Parais\u00f3polis, em S\u00e3o Paulo. Disse tamb\u00e9m que levaria a coca\u00edna para a cidade de Picos (PI) e ganharia 2.000 reais pelo servi\u00e7o.<\/p>\n\n\n\n<p>O passageiro&nbsp;preso e a droga apreendida foram encaminhados \u00e0 Delegacia da Pol\u00edcia Federal de Barreiras para registro do flagrante.&nbsp;A pena prevista para este tipo de crime \u00e9 de at\u00e9 15 anos de pris\u00e3o.<\/p>\n","protected":false},"excerpt":{"rendered":"<p>Na tarde deste domingo (06), no Km 205 da BR 135, em S\u00e3o Desid\u00e9rio, no oeste baiano, a PRF prendeu um traficante com droga em um \u00f4nibus de viagem. O homem de 24 anos levava 26,59 Kg de coca\u00edna. Durante opera\u00e7\u00e3o de combate ao crime foi abordado um \u00f4nibus de turismo. Ao subirem no ve\u00edculo, [&hellip;]<\/p>\n","protected":false},"author":2,"featured_media":2698,"comment_status":"open","ping_status":"open","sticky":false,"template":"","format":"standard","meta":{"jnews-multi-image_gallery":[],"jnews_single_post":{"subtitle":"","format":"standard","video":"","gallery":"","source_name":"","source_url":"","via_name":"","via_url":"","override_template":"0","override":[{"template":"1","single_blog_custom":"","parallax":"1","fullscreen":"1","layout":"right-sidebar","sidebar":"default-sidebar","second_sidebar":"default-sidebar","sticky_sidebar":"1","share_position":"top","share_float_style":"share-monocrhome","show_share_counter":"0","show_view_counter":"0","show_featured":"1","show_post_meta":"1","show_post_author":"0","show_post_author_image":"1","show_post_date":"1","post_date_format":"default","post_date_format_custom":"Y\/m\/d","show_post_category":"1","show_post_reading_time":"0","post_reading_time_wpm":"300","show_zoom_button":"0","zoom_button_out_step":"2","zoom_button_in_step":"3","show_post_tag":"1","show_prev_next_post":"1","show_popup_post":"1","number_popup_post":"1","show_author_box":"0","show_post_related":"0","show_inline_post_related":"0"}],"override_image_size":"0","image_override":[{"single_post_thumbnail_size":"no-crop","single_post_gallery_size":"crop-715"}],"trending_post":"0","trending_post_position":"meta","trending_post_label":"Trending","sponsored_post":"0","sponsored_post_label":"Sponsored by","sponsored_post_name":"","sponsored_post_url":"","sponsored_post_logo_enable":"0","sponsored_post_logo":"","sponsored_post_desc":"","disable_ad":"0"},"jnews_primary_category":{"id":"","hide":""},"footnotes":""},"categories":[85,83],"tags":[],"class_list":["post-2697","post","type-post","status-publish","format-standard","has-post-thumbnail","hentry","category-noticias","category-seguranca"],"_links":{"self":[{"href":"https:\/\/cidadebaixaonline.com.br\/index.php\/wp-json\/wp\/v2\/posts\/2697","targetHints":{"allow":["GET"]}}],"collection":[{"href":"https:\/\/cidadebaixaonline.com.br\/index.php\/wp-json\/wp\/v2\/posts"}],"about":[{"href":"https:\/\/cidadebaixaonline.com.br\/index.php\/wp-json\/wp\/v2\/types\/post"}],"author":[{"embeddable":true,"href":"https:\/\/cidadebaixaonline.com.br\/index.php\/wp-json\/wp\/v2\/users\/2"}],"replies":[{"embeddable":true,"href":"https:\/\/cidadebaixaonline.com.br\/index.php\/wp-json\/wp\/v2\/comments?post=2697"}],"version-history":[{"count":0,"href":"https:\/\/cidadebaixaonline.com.br\/index.php\/wp-json\/wp\/v2\/posts\/2697\/revisions"}],"wp:featuredmedia":[{"embeddable":true,"href":"https:\/\/cidadebaixaonline.com.br\/index.php\/wp-json\/wp\/v2\/media\/2698"}],"wp:attachment":[{"href":"https:\/\/cidadebaixaonline.com.br\/index.php\/wp-json\/wp\/v2\/media?parent=2697"}],"wp:term":[{"taxonomy":"category","embeddable":true,"href":"https:\/\/cidadebaixaonline.com.br\/index.php\/wp-json\/wp\/v2\/categories?post=2697"},{"taxonomy":"post_tag","embeddable":true,"href":"https:\/\/cidadebaixaonline.com.br\/index.php\/wp-json\/wp\/v2\/tags?post=2697"}],"curies":[{"name":"wp","href":"https:\/\/api.w.org\/{rel}","templated":true}]}}