{"id":2691,"date":"2023-08-07T13:50:27","date_gmt":"2023-08-07T16:50:27","guid":{"rendered":"https:\/\/cidadebaixaonline.com.br\/?p=2691"},"modified":"2023-08-07T13:50:30","modified_gmt":"2023-08-07T16:50:30","slug":"stf-ordena-remessa-a-1a-instancia-de-processo-contra-ex-prefeito-baiano-acusado-de-fraude-em-licitacoes","status":"publish","type":"post","link":"https:\/\/cidadebaixaonline.com.br\/index.php\/2023\/08\/07\/stf-ordena-remessa-a-1a-instancia-de-processo-contra-ex-prefeito-baiano-acusado-de-fraude-em-licitacoes\/","title":{"rendered":"STF ordena remessa \u00e0 1\u00aa inst\u00e2ncia de processo contra ex-prefeito baiano acusado de fraude em licita\u00e7\u00f5es"},"content":{"rendered":"\n<p>O ministro do Supremo Tribunal Federal (STF), Luiz Fux, n\u00e3o reconheceu recurso extraordin\u00e1rio interposto pela defesa do ex-prefeito Manoel Alves dos Santos \u2013 ent\u00e3o gestor da cidade de \u00c1gua Fria, no portal do sert\u00e3o baiano \u2013 e determinou a remessa dos autos do processo contra ele para a primeira inst\u00e2ncia do Tribunal de Justi\u00e7a da Bahia (TJ-BA).<\/p>\n\n\n\n<p>Santos foi denunciado pelo Minist\u00e9rio P\u00fablico (MP-BA) por fraudar licita\u00e7\u00f5es no exerc\u00edcio do mandato de prefeito encerrado em 2008. Tendo os supostos crimes praticados em mandato anterior, com lapso temporal de quatro anos entre o fim de um mandato e o come\u00e7o de outro, o relator do STF negou o pedido de foro privilegiado por prerrogativa de fun\u00e7\u00e3o.&nbsp;<\/p>\n\n\n\n<p>\u201cEm 2016 o recorrente foi novamente eleito para o cargo de prefeito do munic\u00edpio de \u00c1gua Fria, raz\u00e3o pela qual os autos foram encaminhados para o Tribunal de Justi\u00e7a do Estado da Bahia. Portanto, os fatos imputados ao recorrente foram praticados anteriormente \u00e0 legislatura de 2017\/2020, n\u00e3o se relacionando com o mandato que ocupou quando do julgamento do ac\u00f3rd\u00e3o recorrido\u201d, detalha Fux. <\/p>\n","protected":false},"excerpt":{"rendered":"<p>O ministro do Supremo Tribunal Federal (STF), Luiz Fux, n\u00e3o reconheceu recurso extraordin\u00e1rio interposto pela defesa do ex-prefeito Manoel Alves dos Santos \u2013 ent\u00e3o gestor da cidade de \u00c1gua Fria, no portal do sert\u00e3o baiano \u2013 e determinou a remessa dos autos do processo contra ele para a primeira inst\u00e2ncia do Tribunal de Justi\u00e7a da [&hellip;]<\/p>\n","protected":false},"author":2,"featured_media":2692,"comment_status":"open","ping_status":"open","sticky":false,"template":"","format":"standard","meta":{"jnews-multi-image_gallery":[],"jnews_single_post":{"subtitle":"","format":"standard","video":"","gallery":"","source_name":"","source_url":"","via_name":"","via_url":"","override_template":"0","override":[{"template":"1","single_blog_custom":"","parallax":"1","fullscreen":"1","layout":"right-sidebar","sidebar":"default-sidebar","second_sidebar":"default-sidebar","sticky_sidebar":"1","share_position":"top","share_float_style":"share-monocrhome","show_share_counter":"0","show_view_counter":"0","show_featured":"1","show_post_meta":"1","show_post_author":"0","show_post_author_image":"1","show_post_date":"1","post_date_format":"default","post_date_format_custom":"Y\/m\/d","show_post_category":"1","show_post_reading_time":"0","post_reading_time_wpm":"300","show_zoom_button":"0","zoom_button_out_step":"2","zoom_button_in_step":"3","show_post_tag":"1","show_prev_next_post":"1","show_popup_post":"1","number_popup_post":"1","show_author_box":"0","show_post_related":"0","show_inline_post_related":"0"}],"override_image_size":"0","image_override":[{"single_post_thumbnail_size":"no-crop","single_post_gallery_size":"crop-715"}],"trending_post":"0","trending_post_position":"meta","trending_post_label":"Trending","sponsored_post":"0","sponsored_post_label":"Sponsored by","sponsored_post_name":"","sponsored_post_url":"","sponsored_post_logo_enable":"0","sponsored_post_logo":"","sponsored_post_desc":"","disable_ad":"0"},"jnews_primary_category":{"id":"","hide":""},"footnotes":""},"categories":[85,91],"tags":[],"class_list":["post-2691","post","type-post","status-publish","format-standard","has-post-thumbnail","hentry","category-noticias","category-politica"],"_links":{"self":[{"href":"https:\/\/cidadebaixaonline.com.br\/index.php\/wp-json\/wp\/v2\/posts\/2691","targetHints":{"allow":["GET"]}}],"collection":[{"href":"https:\/\/cidadebaixaonline.com.br\/index.php\/wp-json\/wp\/v2\/posts"}],"about":[{"href":"https:\/\/cidadebaixaonline.com.br\/index.php\/wp-json\/wp\/v2\/types\/post"}],"author":[{"embeddable":true,"href":"https:\/\/cidadebaixaonline.com.br\/index.php\/wp-json\/wp\/v2\/users\/2"}],"replies":[{"embeddable":true,"href":"https:\/\/cidadebaixaonline.com.br\/index.php\/wp-json\/wp\/v2\/comments?post=2691"}],"version-history":[{"count":0,"href":"https:\/\/cidadebaixaonline.com.br\/index.php\/wp-json\/wp\/v2\/posts\/2691\/revisions"}],"wp:featuredmedia":[{"embeddable":true,"href":"https:\/\/cidadebaixaonline.com.br\/index.php\/wp-json\/wp\/v2\/media\/2692"}],"wp:attachment":[{"href":"https:\/\/cidadebaixaonline.com.br\/index.php\/wp-json\/wp\/v2\/media?parent=2691"}],"wp:term":[{"taxonomy":"category","embeddable":true,"href":"https:\/\/cidadebaixaonline.com.br\/index.php\/wp-json\/wp\/v2\/categories?post=2691"},{"taxonomy":"post_tag","embeddable":true,"href":"https:\/\/cidadebaixaonline.com.br\/index.php\/wp-json\/wp\/v2\/tags?post=2691"}],"curies":[{"name":"wp","href":"https:\/\/api.w.org\/{rel}","templated":true}]}}