{"id":2688,"date":"2023-08-07T13:38:29","date_gmt":"2023-08-07T16:38:29","guid":{"rendered":"https:\/\/cidadebaixaonline.com.br\/?p=2688"},"modified":"2023-08-07T13:38:31","modified_gmt":"2023-08-07T16:38:31","slug":"acao-em-salvador-vai-oferecer-exames-gratuitos-para-detectar-cancer-de-pulmao","status":"publish","type":"post","link":"https:\/\/cidadebaixaonline.com.br\/index.php\/2023\/08\/07\/acao-em-salvador-vai-oferecer-exames-gratuitos-para-detectar-cancer-de-pulmao\/","title":{"rendered":"A\u00e7\u00e3o em Salvador vai oferecer exames gratuitos para detectar c\u00e2ncer de pulm\u00e3o"},"content":{"rendered":"\n<p>O SENAI CIMATEC, a SDS Healthline e a Funda\u00e7\u00e3o Bristol Myers Squibb v\u00e3o lan\u00e7ar, nesta ter\u00e7a-feira (08), a Unidade M\u00f3vel do Projeto ProPulm\u00e3o. A a\u00e7\u00e3o tem o intuito de diagnosticar precocemente o c\u00e2ncer de pulm\u00e3o e aumentar a possibilidade de tratamento de pessoas com a doen\u00e7a.&nbsp; <\/p>\n\n\n\n<p>A unidade \u00e9 equipada com tomografia computadorizada e foi criada especialmente para atender ao projeto, que vai come\u00e7ar os atendimentos gratuitos a partir da pr\u00f3xima quarta-feira (9).&nbsp;<\/p>\n\n\n\n<p>A iniciativa faz parte do cronograma do \u201cAgosto Branco\u201d, m\u00eas de conscientiza\u00e7\u00e3o e mobiliza\u00e7\u00e3o em prol do combate ao tabagismo e \u00e0 preven\u00e7\u00e3o da doen\u00e7a.&nbsp;<\/p>\n\n\n\n<p>O exame de imagem ser\u00e1 realizado por equipes de sa\u00fade dentro da pr\u00f3pria unidade. Poder\u00e3o realizar o exame pessoas com idades entre 50 e 80 anos, fumantes ou ex-fumantes que tenham parado de fumar h\u00e1, no m\u00e1ximo, 15 anos.&nbsp;&nbsp;<\/p>\n\n\n\n<p>A unidade m\u00f3vel ficar\u00e1 em Salvador durante o m\u00eas de agosto e depois percorrer\u00e1 as cidades de Serrinha, Santo Ant\u00f4nio de Jesus e Feira de Santana.&nbsp; A ideia \u00e9 promover um total de tr\u00eas mil exames.&nbsp;&nbsp;<\/p>\n","protected":false},"excerpt":{"rendered":"<p>O SENAI CIMATEC, a SDS Healthline e a Funda\u00e7\u00e3o Bristol Myers Squibb v\u00e3o lan\u00e7ar, nesta ter\u00e7a-feira (08), a Unidade M\u00f3vel do Projeto ProPulm\u00e3o. A a\u00e7\u00e3o tem o intuito de diagnosticar precocemente o c\u00e2ncer de pulm\u00e3o e aumentar a possibilidade de tratamento de pessoas com a doen\u00e7a.&nbsp; A unidade \u00e9 equipada com tomografia computadorizada e foi [&hellip;]<\/p>\n","protected":false},"author":2,"featured_media":2689,"comment_status":"open","ping_status":"open","sticky":false,"template":"","format":"standard","meta":{"jnews-multi-image_gallery":[],"jnews_single_post":{"subtitle":"","format":"standard","video":"","gallery":"","source_name":"","source_url":"","via_name":"","via_url":"","override_template":"0","override":[{"template":"1","single_blog_custom":"","parallax":"1","fullscreen":"1","layout":"right-sidebar","sidebar":"default-sidebar","second_sidebar":"default-sidebar","sticky_sidebar":"1","share_position":"top","share_float_style":"share-monocrhome","show_share_counter":"0","show_view_counter":"0","show_featured":"1","show_post_meta":"1","show_post_author":"0","show_post_author_image":"1","show_post_date":"1","post_date_format":"default","post_date_format_custom":"Y\/m\/d","show_post_category":"1","show_post_reading_time":"0","post_reading_time_wpm":"300","show_zoom_button":"0","zoom_button_out_step":"2","zoom_button_in_step":"3","show_post_tag":"1","show_prev_next_post":"1","show_popup_post":"1","number_popup_post":"1","show_author_box":"0","show_post_related":"0","show_inline_post_related":"0"}],"override_image_size":"0","image_override":[{"single_post_thumbnail_size":"no-crop","single_post_gallery_size":"crop-715"}],"trending_post":"0","trending_post_position":"meta","trending_post_label":"Trending","sponsored_post":"0","sponsored_post_label":"Sponsored by","sponsored_post_name":"","sponsored_post_url":"","sponsored_post_logo_enable":"0","sponsored_post_logo":"","sponsored_post_desc":"","disable_ad":"0"},"jnews_primary_category":{"id":"","hide":""},"footnotes":""},"categories":[90,85],"tags":[],"class_list":["post-2688","post","type-post","status-publish","format-standard","has-post-thumbnail","hentry","category-bahia","category-noticias"],"_links":{"self":[{"href":"https:\/\/cidadebaixaonline.com.br\/index.php\/wp-json\/wp\/v2\/posts\/2688","targetHints":{"allow":["GET"]}}],"collection":[{"href":"https:\/\/cidadebaixaonline.com.br\/index.php\/wp-json\/wp\/v2\/posts"}],"about":[{"href":"https:\/\/cidadebaixaonline.com.br\/index.php\/wp-json\/wp\/v2\/types\/post"}],"author":[{"embeddable":true,"href":"https:\/\/cidadebaixaonline.com.br\/index.php\/wp-json\/wp\/v2\/users\/2"}],"replies":[{"embeddable":true,"href":"https:\/\/cidadebaixaonline.com.br\/index.php\/wp-json\/wp\/v2\/comments?post=2688"}],"version-history":[{"count":0,"href":"https:\/\/cidadebaixaonline.com.br\/index.php\/wp-json\/wp\/v2\/posts\/2688\/revisions"}],"wp:featuredmedia":[{"embeddable":true,"href":"https:\/\/cidadebaixaonline.com.br\/index.php\/wp-json\/wp\/v2\/media\/2689"}],"wp:attachment":[{"href":"https:\/\/cidadebaixaonline.com.br\/index.php\/wp-json\/wp\/v2\/media?parent=2688"}],"wp:term":[{"taxonomy":"category","embeddable":true,"href":"https:\/\/cidadebaixaonline.com.br\/index.php\/wp-json\/wp\/v2\/categories?post=2688"},{"taxonomy":"post_tag","embeddable":true,"href":"https:\/\/cidadebaixaonline.com.br\/index.php\/wp-json\/wp\/v2\/tags?post=2688"}],"curies":[{"name":"wp","href":"https:\/\/api.w.org\/{rel}","templated":true}]}}