{"id":2613,"date":"2023-08-04T11:42:03","date_gmt":"2023-08-04T14:42:03","guid":{"rendered":"https:\/\/cidadebaixaonline.com.br\/?p=2613"},"modified":"2023-08-04T11:42:07","modified_gmt":"2023-08-04T14:42:07","slug":"jeronimo-rodrigues-anuncia-entrega-de-novo-aeroporto-no-estado","status":"publish","type":"post","link":"https:\/\/cidadebaixaonline.com.br\/index.php\/2023\/08\/04\/jeronimo-rodrigues-anuncia-entrega-de-novo-aeroporto-no-estado\/","title":{"rendered":"Jer\u00f4nimo Rodrigues anuncia entrega de novo aeroporto no estado"},"content":{"rendered":"\n<p>O governador Jer\u00f4nimo Rodrigues, aproveitou a ida \u00e0 Bras\u00edlia para a posse do novo ministro do Turismo, para anunciar a inaugura\u00e7\u00e3o do aeroporto de Bom Jesus da Lapa, que acontecer\u00e1 no pr\u00f3ximo domingo (6).&nbsp;<\/p>\n\n\n\n<p>Em um v\u00eddeo nas redes sociais, o governador baiano aparece ao lado de Maur\u00edcio Bacelar, secret\u00e1rio estadual de Turismo. Jer\u00f4nimo disse que sua gest\u00e3o investir\u00e1 para \u201cfortalecer a infraestrutura do turismo\u201d na Bahia.&nbsp;<\/p>\n\n\n\n<p>\u201cO governador vai inaugurar o aeroporto de Bom Jesus da Lapa, al\u00e9m de entregar o t\u00edtulo de Patrim\u00f4nio Cultural Imaterial da Bahia \u00e0 romaria de Bom Jesus da Lapa\u201d, disse Maur\u00edcio Bacelar.&nbsp;<\/p>\n\n\n\n<p>Jer\u00f4nimo tamb\u00e9m anunciou que sua agenda do fim de semana inclui a entrega na \u00e1rea da seguran\u00e7a. &nbsp;\u201cTem mais uma novidade, nessa mesma agenda de turismo, vamos entregar uma companhia nova de Seguran\u00e7a P\u00fablica, com viaturas, pra garantir a prote\u00e7\u00e3o das pessoas que moram na Lapa, na regi\u00e3o, e dos romeiros\u201d, acrescentou.&nbsp;<\/p>\n\n\n\n<p>O governador disse que vai aproveitar sua passagem pela capital brasileira para discutir o Pac com o ministro da Casa Civil, Rui Costa, nesta quinta-feira (3). O governador da Bahia tamb\u00e9m deve participar da posse de Cristiano Zanin como ministro do Supremo Tribunal Federal (STF).<\/p>\n","protected":false},"excerpt":{"rendered":"<p>O governador Jer\u00f4nimo Rodrigues, aproveitou a ida \u00e0 Bras\u00edlia para a posse do novo ministro do Turismo, para anunciar a inaugura\u00e7\u00e3o do aeroporto de Bom Jesus da Lapa, que acontecer\u00e1 no pr\u00f3ximo domingo (6).&nbsp; Em um v\u00eddeo nas redes sociais, o governador baiano aparece ao lado de Maur\u00edcio Bacelar, secret\u00e1rio estadual de Turismo. Jer\u00f4nimo disse [&hellip;]<\/p>\n","protected":false},"author":2,"featured_media":2614,"comment_status":"open","ping_status":"open","sticky":false,"template":"","format":"standard","meta":{"jnews-multi-image_gallery":[],"jnews_single_post":{"subtitle":"","format":"standard","video":"","gallery":"","source_name":"","source_url":"","via_name":"","via_url":"","override_template":"0","override":[{"template":"1","single_blog_custom":"","parallax":"1","fullscreen":"1","layout":"right-sidebar","sidebar":"default-sidebar","second_sidebar":"default-sidebar","sticky_sidebar":"1","share_position":"top","share_float_style":"share-monocrhome","show_share_counter":"0","show_view_counter":"0","show_featured":"1","show_post_meta":"1","show_post_author":"0","show_post_author_image":"1","show_post_date":"1","post_date_format":"default","post_date_format_custom":"Y\/m\/d","show_post_category":"1","show_post_reading_time":"0","post_reading_time_wpm":"300","show_zoom_button":"0","zoom_button_out_step":"2","zoom_button_in_step":"3","show_post_tag":"1","show_prev_next_post":"1","show_popup_post":"1","number_popup_post":"1","show_author_box":"0","show_post_related":"0","show_inline_post_related":"0"}],"override_image_size":"0","image_override":[{"single_post_thumbnail_size":"no-crop","single_post_gallery_size":"crop-715"}],"trending_post":"0","trending_post_position":"meta","trending_post_label":"Trending","sponsored_post":"0","sponsored_post_label":"Sponsored by","sponsored_post_name":"","sponsored_post_url":"","sponsored_post_logo_enable":"0","sponsored_post_logo":"","sponsored_post_desc":"","disable_ad":"0"},"jnews_primary_category":{"id":"","hide":""},"footnotes":""},"categories":[90],"tags":[],"class_list":["post-2613","post","type-post","status-publish","format-standard","has-post-thumbnail","hentry","category-bahia"],"_links":{"self":[{"href":"https:\/\/cidadebaixaonline.com.br\/index.php\/wp-json\/wp\/v2\/posts\/2613","targetHints":{"allow":["GET"]}}],"collection":[{"href":"https:\/\/cidadebaixaonline.com.br\/index.php\/wp-json\/wp\/v2\/posts"}],"about":[{"href":"https:\/\/cidadebaixaonline.com.br\/index.php\/wp-json\/wp\/v2\/types\/post"}],"author":[{"embeddable":true,"href":"https:\/\/cidadebaixaonline.com.br\/index.php\/wp-json\/wp\/v2\/users\/2"}],"replies":[{"embeddable":true,"href":"https:\/\/cidadebaixaonline.com.br\/index.php\/wp-json\/wp\/v2\/comments?post=2613"}],"version-history":[{"count":0,"href":"https:\/\/cidadebaixaonline.com.br\/index.php\/wp-json\/wp\/v2\/posts\/2613\/revisions"}],"wp:featuredmedia":[{"embeddable":true,"href":"https:\/\/cidadebaixaonline.com.br\/index.php\/wp-json\/wp\/v2\/media\/2614"}],"wp:attachment":[{"href":"https:\/\/cidadebaixaonline.com.br\/index.php\/wp-json\/wp\/v2\/media?parent=2613"}],"wp:term":[{"taxonomy":"category","embeddable":true,"href":"https:\/\/cidadebaixaonline.com.br\/index.php\/wp-json\/wp\/v2\/categories?post=2613"},{"taxonomy":"post_tag","embeddable":true,"href":"https:\/\/cidadebaixaonline.com.br\/index.php\/wp-json\/wp\/v2\/tags?post=2613"}],"curies":[{"name":"wp","href":"https:\/\/api.w.org\/{rel}","templated":true}]}}