{"id":2604,"date":"2023-08-04T11:27:18","date_gmt":"2023-08-04T14:27:18","guid":{"rendered":"https:\/\/cidadebaixaonline.com.br\/?p=2604"},"modified":"2023-08-04T11:27:20","modified_gmt":"2023-08-04T14:27:20","slug":"casos-de-infarto-aumentam-25-no-brasil-em-6-anos","status":"publish","type":"post","link":"https:\/\/cidadebaixaonline.com.br\/index.php\/2023\/08\/04\/casos-de-infarto-aumentam-25-no-brasil-em-6-anos\/","title":{"rendered":"Casos de infarto aumentam 25% no Brasil, em 6 anos"},"content":{"rendered":"\n<p>Dados do SUS (Sistema \u00danico de Sa\u00fade) mostram aumento de 25% no total de interna\u00e7\u00f5es por&nbsp;infarto&nbsp;no Brasil, nos \u00faltimos seis anos. Passando de 81.505 casos, em 2016; para mais de 100 mil, em 2022.<\/p>\n\n\n\n<p>Para discutir possibilidades para reverter esse cen\u00e1rio, especialistas participam nesta semana, aqui no Rio de Janeiro, do Encontro Internacional de Cardiologia Intervencionista, maior evento na Am\u00e9rica Latina dedicado ao tema.<\/p>\n\n\n\n<p>Para o cardiologista Roberto Botelho, diretor de comunica\u00e7\u00e3o da Sociedade Brasileira de Hemodin\u00e2mica e Cardiologia Intervencionista, a sa\u00fade do cora\u00e7\u00e3o \u00e9 um dos maiores desafios na \u00e1rea da sa\u00fade. &#8220;H\u00e1 um estudo feito em 60 pa\u00edses que mostrou que quanto menor a renda per capita e o n\u00edvel educacional de uma popula\u00e7\u00e3o, pior os indicadores da sa\u00fade cardiovascular, maior a mortalidade por infarto, maior a hipertens\u00e3o, maior epidemia. Por isso por isso fica quase que autom\u00e1tico a gente supor &#8211; e dados mostraram isso &#8211; que a sa\u00fade cardiovascular do brasileiro vai mal e vem piorando.<\/p>\n\n\n\n<p>O especialista avalia que \u00e9 urgente investir em recursos tecnol\u00f3gicos como forma de preven\u00e7\u00e3o e tratamento. E ressalta a import\u00e2ncia de um olhar mais atento para os efeitos das doen\u00e7as cardiovasculares. &#8220;N\u00e3o s\u00f3 pelo gasto de sa\u00fade direta, consumo com rem\u00e9dio, UTI, como pelo pelo gasto com medicamentos, mas como o gasto das economia, por causa do custo secund\u00e1rio. A pessoa que tem a doen\u00e7a trabalha menos, produz menos. O impacto de um PIB no pa\u00eds \u00e9 bastante afetado.<\/p>\n","protected":false},"excerpt":{"rendered":"<p>Dados do SUS (Sistema \u00danico de Sa\u00fade) mostram aumento de 25% no total de interna\u00e7\u00f5es por&nbsp;infarto&nbsp;no Brasil, nos \u00faltimos seis anos. Passando de 81.505 casos, em 2016; para mais de 100 mil, em 2022. Para discutir possibilidades para reverter esse cen\u00e1rio, especialistas participam nesta semana, aqui no Rio de Janeiro, do Encontro Internacional de Cardiologia [&hellip;]<\/p>\n","protected":false},"author":2,"featured_media":2605,"comment_status":"open","ping_status":"open","sticky":false,"template":"","format":"standard","meta":{"jnews-multi-image_gallery":[],"jnews_single_post":{"subtitle":"","format":"standard","video":"","gallery":"","source_name":"","source_url":"","via_name":"","via_url":"","override_template":"0","override":[{"template":"1","single_blog_custom":"","parallax":"1","fullscreen":"1","layout":"right-sidebar","sidebar":"default-sidebar","second_sidebar":"default-sidebar","sticky_sidebar":"1","share_position":"top","share_float_style":"share-monocrhome","show_share_counter":"0","show_view_counter":"0","show_featured":"1","show_post_meta":"1","show_post_author":"0","show_post_author_image":"1","show_post_date":"1","post_date_format":"default","post_date_format_custom":"Y\/m\/d","show_post_category":"1","show_post_reading_time":"0","post_reading_time_wpm":"300","show_zoom_button":"0","zoom_button_out_step":"2","zoom_button_in_step":"3","show_post_tag":"1","show_prev_next_post":"1","show_popup_post":"1","number_popup_post":"1","show_author_box":"0","show_post_related":"0","show_inline_post_related":"0"}],"override_image_size":"0","image_override":[{"single_post_thumbnail_size":"no-crop","single_post_gallery_size":"crop-715"}],"trending_post":"0","trending_post_position":"meta","trending_post_label":"Trending","sponsored_post":"0","sponsored_post_label":"Sponsored by","sponsored_post_name":"","sponsored_post_url":"","sponsored_post_logo_enable":"0","sponsored_post_logo":"","sponsored_post_desc":"","disable_ad":"0"},"jnews_primary_category":{"id":"","hide":""},"footnotes":""},"categories":[87],"tags":[],"class_list":["post-2604","post","type-post","status-publish","format-standard","has-post-thumbnail","hentry","category-animais"],"_links":{"self":[{"href":"https:\/\/cidadebaixaonline.com.br\/index.php\/wp-json\/wp\/v2\/posts\/2604","targetHints":{"allow":["GET"]}}],"collection":[{"href":"https:\/\/cidadebaixaonline.com.br\/index.php\/wp-json\/wp\/v2\/posts"}],"about":[{"href":"https:\/\/cidadebaixaonline.com.br\/index.php\/wp-json\/wp\/v2\/types\/post"}],"author":[{"embeddable":true,"href":"https:\/\/cidadebaixaonline.com.br\/index.php\/wp-json\/wp\/v2\/users\/2"}],"replies":[{"embeddable":true,"href":"https:\/\/cidadebaixaonline.com.br\/index.php\/wp-json\/wp\/v2\/comments?post=2604"}],"version-history":[{"count":0,"href":"https:\/\/cidadebaixaonline.com.br\/index.php\/wp-json\/wp\/v2\/posts\/2604\/revisions"}],"wp:featuredmedia":[{"embeddable":true,"href":"https:\/\/cidadebaixaonline.com.br\/index.php\/wp-json\/wp\/v2\/media\/2605"}],"wp:attachment":[{"href":"https:\/\/cidadebaixaonline.com.br\/index.php\/wp-json\/wp\/v2\/media?parent=2604"}],"wp:term":[{"taxonomy":"category","embeddable":true,"href":"https:\/\/cidadebaixaonline.com.br\/index.php\/wp-json\/wp\/v2\/categories?post=2604"},{"taxonomy":"post_tag","embeddable":true,"href":"https:\/\/cidadebaixaonline.com.br\/index.php\/wp-json\/wp\/v2\/tags?post=2604"}],"curies":[{"name":"wp","href":"https:\/\/api.w.org\/{rel}","templated":true}]}}