{"id":2598,"date":"2023-08-04T11:21:25","date_gmt":"2023-08-04T14:21:25","guid":{"rendered":"https:\/\/cidadebaixaonline.com.br\/?p=2598"},"modified":"2023-08-04T11:21:29","modified_gmt":"2023-08-04T14:21:29","slug":"governo-apresenta-propostas-para-combater-o-racismo-no-esporte","status":"publish","type":"post","link":"https:\/\/cidadebaixaonline.com.br\/index.php\/2023\/08\/04\/governo-apresenta-propostas-para-combater-o-racismo-no-esporte\/","title":{"rendered":"Governo apresenta propostas para combater o racismo no esporte"},"content":{"rendered":"\n<p>O governo apresentou nesta quinta-feira (3) relat\u00f3rio com recomenda\u00e7\u00f5es para o combate ao racismo no esporte. Criado em junho, o grupo t\u00e9cnico&nbsp;autor do relat\u00f3rio&nbsp;\u00e9 composto por integrantes dos minist\u00e9rios do Esporte, da Igualdade Racial e da Justi\u00e7a e Seguran\u00e7a P\u00fablica.&nbsp;&nbsp;<img decoding=\"async\" src=\"https:\/\/agenciabrasil.ebc.com.br\/ebc.png?id=1547437&amp;o=node\"><img decoding=\"async\" src=\"https:\/\/agenciabrasil.ebc.com.br\/ebc.gif?id=1547437&amp;o=node\"><\/p>\n\n\n\n<p>O grupo prop\u00f5e a\u00e7\u00f5es voltadas para entidades esportivas, atletas, torcidas e sistema judici\u00e1rio.&nbsp;<\/p>\n\n\n\n<h2 class=\"wp-block-heading\">Monitoramento dos est\u00e1dios&nbsp;&nbsp;<\/h2>\n\n\n\n<p>Uma delas \u00e9 um acordo de coopera\u00e7\u00e3o t\u00e9cnica entre o Minist\u00e9rio da Justi\u00e7a e a Confedera\u00e7\u00e3o Brasileira de Futebol (CBF).&nbsp;De acordo com o secret\u00e1rio de Acesso \u00e0 Justi\u00e7a do Minist\u00e9rio da Justi\u00e7a e Seguran\u00e7a P\u00fablica, Marivaldo Pereira, a ideia \u00e9 a implanta\u00e7\u00e3o de uma ferramenta nos est\u00e1dios que permita \u00e0s autoridades p\u00fablicas identificar quem comete atos racistas durante as partidas de futebol.&nbsp;<\/p>\n\n\n\n<h2 class=\"wp-block-heading\">Outras medidas&nbsp;<\/h2>\n\n\n\n<p>A ministra do Esporte, Ana Moser, disse que outras a\u00e7\u00f5es sugeridas pelos t\u00e9cnicos dever\u00e3o ser implantadas neste segundo semestre, como confec\u00e7\u00e3o de bandeir\u00f5es em conjunto com a Associa\u00e7\u00e3o Nacional das Torcidas Organizadas (Anatorg), cria\u00e7\u00e3o de selo e pr\u00eamios para entidades esportivas antirracistas e levantamento de dados sobre racismo nas atividades esportivas.&nbsp;&nbsp;<\/p>\n\n\n\n<p>\u201cO esporte \u00e9 um vetor de proje\u00e7\u00e3o de comportamento, sentimentos e pr\u00e1ticas da sociedade\u201d, afirmou.&nbsp;<\/p>\n\n\n\n<p>Fonte: Ag\u00eanciaBrasil <\/p>\n\n\n\n<p>&nbsp;<\/p>\n\n\n\n<p><\/p>\n","protected":false},"excerpt":{"rendered":"<p>O governo apresentou nesta quinta-feira (3) relat\u00f3rio com recomenda\u00e7\u00f5es para o combate ao racismo no esporte. Criado em junho, o grupo t\u00e9cnico&nbsp;autor do relat\u00f3rio&nbsp;\u00e9 composto por integrantes dos minist\u00e9rios do Esporte, da Igualdade Racial e da Justi\u00e7a e Seguran\u00e7a P\u00fablica.&nbsp;&nbsp; O grupo prop\u00f5e a\u00e7\u00f5es voltadas para entidades esportivas, atletas, torcidas e sistema judici\u00e1rio.&nbsp; Monitoramento dos [&hellip;]<\/p>\n","protected":false},"author":2,"featured_media":2599,"comment_status":"open","ping_status":"open","sticky":false,"template":"","format":"standard","meta":{"jnews-multi-image_gallery":[],"jnews_single_post":{"subtitle":"","format":"standard","video":"","gallery":"","source_name":"","source_url":"","via_name":"","via_url":"","override_template":"0","override":[{"template":"1","single_blog_custom":"","parallax":"1","fullscreen":"1","layout":"right-sidebar","sidebar":"default-sidebar","second_sidebar":"default-sidebar","sticky_sidebar":"1","share_position":"top","share_float_style":"share-monocrhome","show_share_counter":"0","show_view_counter":"0","show_featured":"1","show_post_meta":"1","show_post_author":"0","show_post_author_image":"1","show_post_date":"1","post_date_format":"default","post_date_format_custom":"Y\/m\/d","show_post_category":"1","show_post_reading_time":"0","post_reading_time_wpm":"300","show_zoom_button":"0","zoom_button_out_step":"2","zoom_button_in_step":"3","show_post_tag":"1","show_prev_next_post":"1","show_popup_post":"1","number_popup_post":"1","show_author_box":"0","show_post_related":"0","show_inline_post_related":"0"}],"override_image_size":"0","image_override":[{"single_post_thumbnail_size":"no-crop","single_post_gallery_size":"crop-715"}],"trending_post":"0","trending_post_position":"meta","trending_post_label":"Trending","sponsored_post":"0","sponsored_post_label":"Sponsored by","sponsored_post_name":"","sponsored_post_url":"","sponsored_post_logo_enable":"0","sponsored_post_logo":"","sponsored_post_desc":"","disable_ad":"0"},"jnews_primary_category":{"id":"","hide":""},"footnotes":""},"categories":[89,85],"tags":[],"class_list":["post-2598","post","type-post","status-publish","format-standard","has-post-thumbnail","hentry","category-esportes","category-noticias"],"_links":{"self":[{"href":"https:\/\/cidadebaixaonline.com.br\/index.php\/wp-json\/wp\/v2\/posts\/2598","targetHints":{"allow":["GET"]}}],"collection":[{"href":"https:\/\/cidadebaixaonline.com.br\/index.php\/wp-json\/wp\/v2\/posts"}],"about":[{"href":"https:\/\/cidadebaixaonline.com.br\/index.php\/wp-json\/wp\/v2\/types\/post"}],"author":[{"embeddable":true,"href":"https:\/\/cidadebaixaonline.com.br\/index.php\/wp-json\/wp\/v2\/users\/2"}],"replies":[{"embeddable":true,"href":"https:\/\/cidadebaixaonline.com.br\/index.php\/wp-json\/wp\/v2\/comments?post=2598"}],"version-history":[{"count":0,"href":"https:\/\/cidadebaixaonline.com.br\/index.php\/wp-json\/wp\/v2\/posts\/2598\/revisions"}],"wp:featuredmedia":[{"embeddable":true,"href":"https:\/\/cidadebaixaonline.com.br\/index.php\/wp-json\/wp\/v2\/media\/2599"}],"wp:attachment":[{"href":"https:\/\/cidadebaixaonline.com.br\/index.php\/wp-json\/wp\/v2\/media?parent=2598"}],"wp:term":[{"taxonomy":"category","embeddable":true,"href":"https:\/\/cidadebaixaonline.com.br\/index.php\/wp-json\/wp\/v2\/categories?post=2598"},{"taxonomy":"post_tag","embeddable":true,"href":"https:\/\/cidadebaixaonline.com.br\/index.php\/wp-json\/wp\/v2\/tags?post=2598"}],"curies":[{"name":"wp","href":"https:\/\/api.w.org\/{rel}","templated":true}]}}