{"id":2579,"date":"2023-08-04T10:44:27","date_gmt":"2023-08-04T13:44:27","guid":{"rendered":"https:\/\/cidadebaixaonline.com.br\/?p=2579"},"modified":"2023-08-04T10:44:31","modified_gmt":"2023-08-04T13:44:31","slug":"arena-da-capoeira-em-salvador-vai-custar-r-26-milhoes-e-pode-ser-concluida-em-menos-de-um-ano","status":"publish","type":"post","link":"https:\/\/cidadebaixaonline.com.br\/index.php\/2023\/08\/04\/arena-da-capoeira-em-salvador-vai-custar-r-26-milhoes-e-pode-ser-concluida-em-menos-de-um-ano\/","title":{"rendered":"Arena da Capoeira em Salvador vai custar R$ 2,6 milh\u00f5es e pode ser conclu\u00edda em menos de um ano"},"content":{"rendered":"\n<p>A ordem de servi\u00e7o para in\u00edcio da obra que vai construir&nbsp;a Arena da Capoeira em Salvador&nbsp;foi assinada na manh\u00e3 desta sexta-feira (4). Na ocasi\u00e3o, o secret\u00e1rio da de Infraestrutura e Obras P\u00fablicas, Luiz Carlos de Souza, revelou detalhes da constru\u00e7\u00e3o do equipamento na capital.&nbsp;<\/p>\n\n\n\n<p>A obra vai custar mais de R$ 2,6 milh\u00f5es e ter\u00e1 um prazo de doze meses para ser constru\u00edda. No entanto, segundo o titular da pasta,o equipamento pode ser entregue em menos de um ano.&nbsp;<\/p>\n\n\n\n<p>\u201cS\u00e3o R$ 2,6 milh\u00f5es e ter\u00e1 um prazo de 12 meses. A gente est\u00e1 discutindo para ver se consegue antecipar esse cronograma. Eu acho que \u00e9 um resgate hist\u00f3rico. A capoeira \u00e9 uma arte milenar, ali\u00e1s centen\u00e1ria de muita luta e resist\u00eancia. A capoeira \u00e9 uma arte, uma cultura e uma dan\u00e7a\u201d, revelou o secret\u00e1rio.&nbsp;<\/p>\n\n\n\n<p>Para Luiz Carlos, a obra \u00e9 uma aposta da Prefeitura de Salvador para servir como um ponto tur\u00edstico e de refer\u00eancia da capoeira na capital baiana.&nbsp;<\/p>\n\n\n\n<p>\u201cS\u00e3o v\u00e1rios elementos que ela comp\u00f5em e n\u00f3s n\u00e3o t\u00ednhamos nada marcante na nossa cidade que pudesse servir como refer\u00eancia de visita\u00e7\u00e3o para os turistas como tamb\u00e9m para os praticantes e simpatizantes da capoeira. Penso que esse \u00e9 o momento importante para a comunidade capoeirista para toda Salvador em ter um espa\u00e7o de visita\u00e7\u00e3o e comemora\u00e7\u00e3o tamb\u00e9m desse instrumento de socializa\u00e7\u00e3o que \u00e9 a capoeira\u201d, disse.&nbsp;<\/p>\n\n\n\n<p>O equipamento contar\u00e1 com palco de rodas e apresenta\u00e7\u00f5es, a nova arena ter\u00e1 um monumento composto por quatro arcos de doze metros de altura em a\u00e7o e esculturas em homenagem aos mestres da capoeira. A contrata\u00e7\u00e3o da empresa que vai fazer o monumento foi feita pela Secretaria de Cultura (Secult).&nbsp;<\/p>\n","protected":false},"excerpt":{"rendered":"<p>A ordem de servi\u00e7o para in\u00edcio da obra que vai construir&nbsp;a Arena da Capoeira em Salvador&nbsp;foi assinada na manh\u00e3 desta sexta-feira (4). Na ocasi\u00e3o, o secret\u00e1rio da de Infraestrutura e Obras P\u00fablicas, Luiz Carlos de Souza, revelou detalhes da constru\u00e7\u00e3o do equipamento na capital.&nbsp; A obra vai custar mais de R$ 2,6 milh\u00f5es e ter\u00e1 [&hellip;]<\/p>\n","protected":false},"author":2,"featured_media":2580,"comment_status":"open","ping_status":"open","sticky":false,"template":"","format":"standard","meta":{"jnews-multi-image_gallery":[],"jnews_single_post":{"subtitle":"","format":"standard","video":"","gallery":"","source_name":"","source_url":"","via_name":"","via_url":"","override_template":"0","override":[{"template":"1","single_blog_custom":"","parallax":"1","fullscreen":"1","layout":"right-sidebar","sidebar":"default-sidebar","second_sidebar":"default-sidebar","sticky_sidebar":"1","share_position":"top","share_float_style":"share-monocrhome","show_share_counter":"0","show_view_counter":"0","show_featured":"1","show_post_meta":"1","show_post_author":"0","show_post_author_image":"1","show_post_date":"1","post_date_format":"default","post_date_format_custom":"Y\/m\/d","show_post_category":"1","show_post_reading_time":"0","post_reading_time_wpm":"300","show_zoom_button":"0","zoom_button_out_step":"2","zoom_button_in_step":"3","show_post_tag":"1","show_prev_next_post":"1","show_popup_post":"1","number_popup_post":"1","show_author_box":"0","show_post_related":"0","show_inline_post_related":"0"}],"override_image_size":"0","image_override":[{"single_post_thumbnail_size":"no-crop","single_post_gallery_size":"crop-715"}],"trending_post":"0","trending_post_position":"meta","trending_post_label":"Trending","sponsored_post":"0","sponsored_post_label":"Sponsored by","sponsored_post_name":"","sponsored_post_url":"","sponsored_post_logo_enable":"0","sponsored_post_logo":"","sponsored_post_desc":"","disable_ad":"0"},"jnews_primary_category":{"id":"","hide":""},"footnotes":""},"categories":[85,91],"tags":[],"class_list":["post-2579","post","type-post","status-publish","format-standard","has-post-thumbnail","hentry","category-noticias","category-politica"],"_links":{"self":[{"href":"https:\/\/cidadebaixaonline.com.br\/index.php\/wp-json\/wp\/v2\/posts\/2579","targetHints":{"allow":["GET"]}}],"collection":[{"href":"https:\/\/cidadebaixaonline.com.br\/index.php\/wp-json\/wp\/v2\/posts"}],"about":[{"href":"https:\/\/cidadebaixaonline.com.br\/index.php\/wp-json\/wp\/v2\/types\/post"}],"author":[{"embeddable":true,"href":"https:\/\/cidadebaixaonline.com.br\/index.php\/wp-json\/wp\/v2\/users\/2"}],"replies":[{"embeddable":true,"href":"https:\/\/cidadebaixaonline.com.br\/index.php\/wp-json\/wp\/v2\/comments?post=2579"}],"version-history":[{"count":0,"href":"https:\/\/cidadebaixaonline.com.br\/index.php\/wp-json\/wp\/v2\/posts\/2579\/revisions"}],"wp:featuredmedia":[{"embeddable":true,"href":"https:\/\/cidadebaixaonline.com.br\/index.php\/wp-json\/wp\/v2\/media\/2580"}],"wp:attachment":[{"href":"https:\/\/cidadebaixaonline.com.br\/index.php\/wp-json\/wp\/v2\/media?parent=2579"}],"wp:term":[{"taxonomy":"category","embeddable":true,"href":"https:\/\/cidadebaixaonline.com.br\/index.php\/wp-json\/wp\/v2\/categories?post=2579"},{"taxonomy":"post_tag","embeddable":true,"href":"https:\/\/cidadebaixaonline.com.br\/index.php\/wp-json\/wp\/v2\/tags?post=2579"}],"curies":[{"name":"wp","href":"https:\/\/api.w.org\/{rel}","templated":true}]}}