{"id":2561,"date":"2023-08-04T10:08:02","date_gmt":"2023-08-04T13:08:02","guid":{"rendered":"https:\/\/cidadebaixaonline.com.br\/?p=2561"},"modified":"2023-08-04T10:08:06","modified_gmt":"2023-08-04T13:08:06","slug":"lula-avisa-a-ministros-que-decidira-pgr-antes-de-novo-ministro-do-stf","status":"publish","type":"post","link":"https:\/\/cidadebaixaonline.com.br\/index.php\/2023\/08\/04\/lula-avisa-a-ministros-que-decidira-pgr-antes-de-novo-ministro-do-stf\/","title":{"rendered":"Lula avisa a ministros que decidir\u00e1 PGR antes de novo ministro do STF"},"content":{"rendered":"\n<p>O presidente&nbsp;Lula&nbsp;avisou a auxiliares e integrantes do Judici\u00e1rio que pretende decidir primeiro quem indicar\u00e1 para a&nbsp;Procuradoria-Geral da Rep\u00fablica&nbsp;(PGR) e s\u00f3 depois, o substituto da ministra&nbsp;Rosa Weber&nbsp;no&nbsp;STF. A ordem cronol\u00f3gica tem um motivo: evitar a ascens\u00e3o de um \u201cestranho\u201d ao comando interino da PGR. <\/p>\n\n\n\n<p>O mandato do atual procurador-geral da Rep\u00fablica, Augusto Aras, acaba em 23 de setembro. Caso Lula n\u00e3o indique um sucessor a tempo de o Senado aprovar a indica\u00e7\u00e3o at\u00e9 l\u00e1, quem assumir\u00e1 a chefia da PGR interinamente ser\u00e1 o vice-presidente do Conselho Superior do Minist\u00e9rio P\u00fablico Federal (CSMPF), escolhido pela categoria.<\/p>\n\n\n\n<p>Diante desse cen\u00e1rio, Lula foi aconselhado por auxiliares e aliados pr\u00f3ximos a enviar a indica\u00e7\u00e3o do sucessor de Aras j\u00e1 no in\u00edcio de setembro. A ideia \u00e9 dar tempo suficiente para que o Senado aprove o nome do indicado antes do t\u00e9rmino do mandato de Aras, para que o escolhido assuma o cargo logo ap\u00f3s 23 de setembro.<\/p>\n\n\n\n<p>Atual presidente do Supremo, Rosa Weber s\u00f3 deve se aposentar da Corte no final de setembro, dias antes de completar 75 anos (2 de outubro), idade da aposentadoria compuls\u00f3ria. Com isso, Lula avalia que ter\u00e1 tempo suficiente para definir primeiro a PGR e s\u00f3 depois o substituto de Rosa no STF.<\/p>\n","protected":false},"excerpt":{"rendered":"<p>O presidente&nbsp;Lula&nbsp;avisou a auxiliares e integrantes do Judici\u00e1rio que pretende decidir primeiro quem indicar\u00e1 para a&nbsp;Procuradoria-Geral da Rep\u00fablica&nbsp;(PGR) e s\u00f3 depois, o substituto da ministra&nbsp;Rosa Weber&nbsp;no&nbsp;STF. A ordem cronol\u00f3gica tem um motivo: evitar a ascens\u00e3o de um \u201cestranho\u201d ao comando interino da PGR. O mandato do atual procurador-geral da Rep\u00fablica, Augusto Aras, acaba em 23 [&hellip;]<\/p>\n","protected":false},"author":2,"featured_media":2562,"comment_status":"open","ping_status":"open","sticky":false,"template":"","format":"standard","meta":{"jnews-multi-image_gallery":[],"jnews_single_post":{"subtitle":"","format":"standard","video":"","gallery":"","source_name":"","source_url":"","via_name":"","via_url":"","override_template":"0","override":[{"template":"1","single_blog_custom":"","parallax":"1","fullscreen":"1","layout":"right-sidebar","sidebar":"default-sidebar","second_sidebar":"default-sidebar","sticky_sidebar":"1","share_position":"top","share_float_style":"share-monocrhome","show_share_counter":"0","show_view_counter":"0","show_featured":"1","show_post_meta":"1","show_post_author":"0","show_post_author_image":"1","show_post_date":"1","post_date_format":"default","post_date_format_custom":"Y\/m\/d","show_post_category":"1","show_post_reading_time":"0","post_reading_time_wpm":"300","show_zoom_button":"0","zoom_button_out_step":"2","zoom_button_in_step":"3","show_post_tag":"1","show_prev_next_post":"1","show_popup_post":"1","number_popup_post":"1","show_author_box":"0","show_post_related":"0","show_inline_post_related":"0"}],"override_image_size":"0","image_override":[{"single_post_thumbnail_size":"no-crop","single_post_gallery_size":"crop-715"}],"trending_post":"0","trending_post_position":"meta","trending_post_label":"Trending","sponsored_post":"0","sponsored_post_label":"Sponsored by","sponsored_post_name":"","sponsored_post_url":"","sponsored_post_logo_enable":"0","sponsored_post_logo":"","sponsored_post_desc":"","disable_ad":"0"},"jnews_primary_category":{"id":"","hide":""},"footnotes":""},"categories":[85,91],"tags":[],"class_list":["post-2561","post","type-post","status-publish","format-standard","has-post-thumbnail","hentry","category-noticias","category-politica"],"_links":{"self":[{"href":"https:\/\/cidadebaixaonline.com.br\/index.php\/wp-json\/wp\/v2\/posts\/2561","targetHints":{"allow":["GET"]}}],"collection":[{"href":"https:\/\/cidadebaixaonline.com.br\/index.php\/wp-json\/wp\/v2\/posts"}],"about":[{"href":"https:\/\/cidadebaixaonline.com.br\/index.php\/wp-json\/wp\/v2\/types\/post"}],"author":[{"embeddable":true,"href":"https:\/\/cidadebaixaonline.com.br\/index.php\/wp-json\/wp\/v2\/users\/2"}],"replies":[{"embeddable":true,"href":"https:\/\/cidadebaixaonline.com.br\/index.php\/wp-json\/wp\/v2\/comments?post=2561"}],"version-history":[{"count":0,"href":"https:\/\/cidadebaixaonline.com.br\/index.php\/wp-json\/wp\/v2\/posts\/2561\/revisions"}],"wp:featuredmedia":[{"embeddable":true,"href":"https:\/\/cidadebaixaonline.com.br\/index.php\/wp-json\/wp\/v2\/media\/2562"}],"wp:attachment":[{"href":"https:\/\/cidadebaixaonline.com.br\/index.php\/wp-json\/wp\/v2\/media?parent=2561"}],"wp:term":[{"taxonomy":"category","embeddable":true,"href":"https:\/\/cidadebaixaonline.com.br\/index.php\/wp-json\/wp\/v2\/categories?post=2561"},{"taxonomy":"post_tag","embeddable":true,"href":"https:\/\/cidadebaixaonline.com.br\/index.php\/wp-json\/wp\/v2\/tags?post=2561"}],"curies":[{"name":"wp","href":"https:\/\/api.w.org\/{rel}","templated":true}]}}