{"id":2539,"date":"2023-08-03T15:48:46","date_gmt":"2023-08-03T18:48:46","guid":{"rendered":"https:\/\/cidadebaixaonline.com.br\/?p=2539"},"modified":"2023-08-03T15:48:48","modified_gmt":"2023-08-03T18:48:48","slug":"policia-federal-prende-maior-suspeito-de-devastar-amazonia-ja-investigado","status":"publish","type":"post","link":"https:\/\/cidadebaixaonline.com.br\/index.php\/2023\/08\/03\/policia-federal-prende-maior-suspeito-de-devastar-amazonia-ja-investigado\/","title":{"rendered":"Pol\u00edcia Federal prende maior suspeito de devastar Amaz\u00f4nia j\u00e1 investigado"},"content":{"rendered":"\n<p>A Pol\u00edcia Federal prendeu, nesta quinta-feira (3), um suspeito de ser o maior devastador da Amaz\u00f4nia j\u00e1 investigado. A pris\u00e3o ocorreu em Novo Progresso, no sudoeste do Par\u00e1, durante a opera\u00e7\u00e3o \u201cRetomada\u201d, que tamb\u00e9m acontece em regi\u00f5es do Mato Grosso. As informa\u00e7\u00f5es s\u00e3o do g1.&nbsp;<\/p>\n\n\n\n<p>A opera\u00e7\u00e3o policial tinha&nbsp;como objetivo investigar registros fraudulentos de terras para desmatamento. A Justi\u00e7a definiu o bloqueio de 16 fazendas, 10 mil cabe\u00e7as de gados e R$ 116 milh\u00f5es, que pertenciam ao grupo criminoso que ele comandava.&nbsp;<\/p>\n\n\n\n<p>Segundo a PF, o homem foi flagrado com ouro bruto e uma arma ilegal durante a opera\u00e7\u00e3o. As investiga\u00e7\u00f5es seguem em andamento. At\u00e9 o momento, elas indicam que o grupo criminoso do preso registra terras em nome de terceiros no Cadastro Ambiental Rural de forma fraudulenta. Na sequ\u00eancia, eles desmatam as \u00e1reas e direcionam para a cria\u00e7\u00e3o de gado.&nbsp;<\/p>\n\n\n\n<p>&#8220;O inqu\u00e9rito policial identificou que o suspeito e seu grupo teriam se apossado de mais de 21 mil hectares de terras da Uni\u00e3o. Al\u00e9m disso, j\u00e1 foram constatados o desmatamento de mais de 6.500 hectares de floresta, o equivalente a quase quatro Ilhas de Fernando de Noronha (PE), com ind\u00edcios de um \u00fanico autor ser o respons\u00e1vel pela destrui\u00e7\u00e3o ambiental. Os danos ambientais s\u00e3o agravados pela ocupa\u00e7\u00e3o de \u00e1reas circundantes a terras ind\u00edgenas e unidades de conserva\u00e7\u00e3o&#8221;, informa a Pol\u00edcia Federal. &nbsp; &nbsp;<\/p>\n\n\n\n<p>Os verdadeiros respons\u00e1veis pela explora\u00e7\u00e3o das atividades se sentiriam protegidos contra eventuais processos criminais ou administrativos.&nbsp;<\/p>\n\n\n\n<p>Ainda segundo informa\u00e7\u00f5es da PF, o suspeito j\u00e1 recebeu 11 autua\u00e7\u00f5es e seis embargos do Instituto Brasileiro do Meio Ambiente e dos Recursos Naturais Renov\u00e1veis (IBAMA) por irregularidades. Per\u00edcias tamb\u00e9m apontaram danos ambientais, que ocorreram devido \u00e0s atividades na Terra Ind\u00edgena Ba\u00fa.&nbsp;<\/p>\n","protected":false},"excerpt":{"rendered":"<p>A Pol\u00edcia Federal prendeu, nesta quinta-feira (3), um suspeito de ser o maior devastador da Amaz\u00f4nia j\u00e1 investigado. A pris\u00e3o ocorreu em Novo Progresso, no sudoeste do Par\u00e1, durante a opera\u00e7\u00e3o \u201cRetomada\u201d, que tamb\u00e9m acontece em regi\u00f5es do Mato Grosso. As informa\u00e7\u00f5es s\u00e3o do g1.&nbsp; A opera\u00e7\u00e3o policial tinha&nbsp;como objetivo investigar registros fraudulentos de terras [&hellip;]<\/p>\n","protected":false},"author":2,"featured_media":2540,"comment_status":"open","ping_status":"open","sticky":false,"template":"","format":"standard","meta":{"jnews-multi-image_gallery":[],"jnews_single_post":{"subtitle":"","format":"standard","video":"","gallery":"","source_name":"","source_url":"","via_name":"","via_url":"","override_template":"0","override":[{"template":"1","single_blog_custom":"","parallax":"1","fullscreen":"1","layout":"right-sidebar","sidebar":"default-sidebar","second_sidebar":"default-sidebar","sticky_sidebar":"1","share_position":"top","share_float_style":"share-monocrhome","show_share_counter":"0","show_view_counter":"0","show_featured":"1","show_post_meta":"1","show_post_author":"0","show_post_author_image":"1","show_post_date":"1","post_date_format":"default","post_date_format_custom":"Y\/m\/d","show_post_category":"1","show_post_reading_time":"0","post_reading_time_wpm":"300","show_zoom_button":"0","zoom_button_out_step":"2","zoom_button_in_step":"3","show_post_tag":"1","show_prev_next_post":"1","show_popup_post":"1","number_popup_post":"1","show_author_box":"0","show_post_related":"0","show_inline_post_related":"0"}],"override_image_size":"0","image_override":[{"single_post_thumbnail_size":"no-crop","single_post_gallery_size":"crop-715"}],"trending_post":"0","trending_post_position":"meta","trending_post_label":"Trending","sponsored_post":"0","sponsored_post_label":"Sponsored by","sponsored_post_name":"","sponsored_post_url":"","sponsored_post_logo_enable":"0","sponsored_post_logo":"","sponsored_post_desc":"","disable_ad":"0"},"jnews_primary_category":{"id":"","hide":""},"footnotes":""},"categories":[105],"tags":[],"class_list":["post-2539","post","type-post","status-publish","format-standard","has-post-thumbnail","hentry","category-policia"],"_links":{"self":[{"href":"https:\/\/cidadebaixaonline.com.br\/index.php\/wp-json\/wp\/v2\/posts\/2539","targetHints":{"allow":["GET"]}}],"collection":[{"href":"https:\/\/cidadebaixaonline.com.br\/index.php\/wp-json\/wp\/v2\/posts"}],"about":[{"href":"https:\/\/cidadebaixaonline.com.br\/index.php\/wp-json\/wp\/v2\/types\/post"}],"author":[{"embeddable":true,"href":"https:\/\/cidadebaixaonline.com.br\/index.php\/wp-json\/wp\/v2\/users\/2"}],"replies":[{"embeddable":true,"href":"https:\/\/cidadebaixaonline.com.br\/index.php\/wp-json\/wp\/v2\/comments?post=2539"}],"version-history":[{"count":0,"href":"https:\/\/cidadebaixaonline.com.br\/index.php\/wp-json\/wp\/v2\/posts\/2539\/revisions"}],"wp:featuredmedia":[{"embeddable":true,"href":"https:\/\/cidadebaixaonline.com.br\/index.php\/wp-json\/wp\/v2\/media\/2540"}],"wp:attachment":[{"href":"https:\/\/cidadebaixaonline.com.br\/index.php\/wp-json\/wp\/v2\/media?parent=2539"}],"wp:term":[{"taxonomy":"category","embeddable":true,"href":"https:\/\/cidadebaixaonline.com.br\/index.php\/wp-json\/wp\/v2\/categories?post=2539"},{"taxonomy":"post_tag","embeddable":true,"href":"https:\/\/cidadebaixaonline.com.br\/index.php\/wp-json\/wp\/v2\/tags?post=2539"}],"curies":[{"name":"wp","href":"https:\/\/api.w.org\/{rel}","templated":true}]}}