{"id":2518,"date":"2023-08-03T14:59:04","date_gmt":"2023-08-03T17:59:04","guid":{"rendered":"https:\/\/cidadebaixaonline.com.br\/?p=2518"},"modified":"2023-08-03T14:59:06","modified_gmt":"2023-08-03T17:59:06","slug":"homem-vai-a-forum-no-sudoeste-baiano-cumprir-intimacao-e-e-morto-na-saida","status":"publish","type":"post","link":"https:\/\/cidadebaixaonline.com.br\/index.php\/2023\/08\/03\/homem-vai-a-forum-no-sudoeste-baiano-cumprir-intimacao-e-e-morto-na-saida\/","title":{"rendered":"Homem vai a f\u00f3rum no Sudoeste baiano cumprir intima\u00e7\u00e3o e \u00e9 morto na sa\u00edda"},"content":{"rendered":"\n<p>Um homem foi morto a tiros no final da manh\u00e3 desta quinta-feira (3) em&nbsp;Caetit\u00e9, no Sert\u00e3o Produtivo, no Sudoeste baiano. Segundo o&nbsp;Achei Sudoeste, parceiro do Bahia Not\u00edcias, a v\u00edtima, que n\u00e3o teve a identidade informada, sa\u00eda do f\u00f3rum da cidade quando foi atacado. Uma ambul\u00e2ncia do Samu chegou a ser acionada, mas a v\u00edtima foi a \u00f3bito no local.<\/p>\n\n\n\n<p>Ainda segundo o blog, o homem tinha ido ao f\u00f3rum ap\u00f3s ser intimado. A v\u00edtima n\u00e3o residia na cidade e tinha passagens pela pol\u00edcia. Ap\u00f3s a constata\u00e7\u00e3o do \u00f3bito, o corpo foi levado para o Departamento de Pol\u00edcia T\u00e9cnica (DPT) da regi\u00e3o.<\/p>\n\n\n\n<p>A autoria e a motiva\u00e7\u00e3o do homic\u00eddio devem ser investigadas pela 22\u00aa Coordenadoria de Pol\u00edcia do Interior (Coorpin).<\/p>\n","protected":false},"excerpt":{"rendered":"<p>Um homem foi morto a tiros no final da manh\u00e3 desta quinta-feira (3) em&nbsp;Caetit\u00e9, no Sert\u00e3o Produtivo, no Sudoeste baiano. Segundo o&nbsp;Achei Sudoeste, parceiro do Bahia Not\u00edcias, a v\u00edtima, que n\u00e3o teve a identidade informada, sa\u00eda do f\u00f3rum da cidade quando foi atacado. Uma ambul\u00e2ncia do Samu chegou a ser acionada, mas a v\u00edtima foi [&hellip;]<\/p>\n","protected":false},"author":2,"featured_media":2519,"comment_status":"open","ping_status":"open","sticky":false,"template":"","format":"standard","meta":{"jnews-multi-image_gallery":[],"jnews_single_post":{"subtitle":"","format":"standard","video":"","gallery":"","source_name":"","source_url":"","via_name":"","via_url":"","override_template":"0","override":[{"template":"1","single_blog_custom":"","parallax":"1","fullscreen":"1","layout":"right-sidebar","sidebar":"default-sidebar","second_sidebar":"default-sidebar","sticky_sidebar":"1","share_position":"top","share_float_style":"share-monocrhome","show_share_counter":"0","show_view_counter":"0","show_featured":"1","show_post_meta":"1","show_post_author":"0","show_post_author_image":"1","show_post_date":"1","post_date_format":"default","post_date_format_custom":"Y\/m\/d","show_post_category":"1","show_post_reading_time":"0","post_reading_time_wpm":"300","show_zoom_button":"0","zoom_button_out_step":"2","zoom_button_in_step":"3","show_post_tag":"1","show_prev_next_post":"1","show_popup_post":"1","number_popup_post":"1","show_author_box":"0","show_post_related":"0","show_inline_post_related":"0"}],"override_image_size":"0","image_override":[{"single_post_thumbnail_size":"no-crop","single_post_gallery_size":"crop-715"}],"trending_post":"0","trending_post_position":"meta","trending_post_label":"Trending","sponsored_post":"0","sponsored_post_label":"Sponsored by","sponsored_post_name":"","sponsored_post_url":"","sponsored_post_logo_enable":"0","sponsored_post_logo":"","sponsored_post_desc":"","disable_ad":"0"},"jnews_primary_category":{"id":"","hide":""},"footnotes":""},"categories":[105,83],"tags":[],"class_list":["post-2518","post","type-post","status-publish","format-standard","has-post-thumbnail","hentry","category-policia","category-seguranca"],"_links":{"self":[{"href":"https:\/\/cidadebaixaonline.com.br\/index.php\/wp-json\/wp\/v2\/posts\/2518","targetHints":{"allow":["GET"]}}],"collection":[{"href":"https:\/\/cidadebaixaonline.com.br\/index.php\/wp-json\/wp\/v2\/posts"}],"about":[{"href":"https:\/\/cidadebaixaonline.com.br\/index.php\/wp-json\/wp\/v2\/types\/post"}],"author":[{"embeddable":true,"href":"https:\/\/cidadebaixaonline.com.br\/index.php\/wp-json\/wp\/v2\/users\/2"}],"replies":[{"embeddable":true,"href":"https:\/\/cidadebaixaonline.com.br\/index.php\/wp-json\/wp\/v2\/comments?post=2518"}],"version-history":[{"count":0,"href":"https:\/\/cidadebaixaonline.com.br\/index.php\/wp-json\/wp\/v2\/posts\/2518\/revisions"}],"wp:featuredmedia":[{"embeddable":true,"href":"https:\/\/cidadebaixaonline.com.br\/index.php\/wp-json\/wp\/v2\/media\/2519"}],"wp:attachment":[{"href":"https:\/\/cidadebaixaonline.com.br\/index.php\/wp-json\/wp\/v2\/media?parent=2518"}],"wp:term":[{"taxonomy":"category","embeddable":true,"href":"https:\/\/cidadebaixaonline.com.br\/index.php\/wp-json\/wp\/v2\/categories?post=2518"},{"taxonomy":"post_tag","embeddable":true,"href":"https:\/\/cidadebaixaonline.com.br\/index.php\/wp-json\/wp\/v2\/tags?post=2518"}],"curies":[{"name":"wp","href":"https:\/\/api.w.org\/{rel}","templated":true}]}}