{"id":2515,"date":"2023-08-03T14:54:45","date_gmt":"2023-08-03T17:54:45","guid":{"rendered":"https:\/\/cidadebaixaonline.com.br\/?p=2515"},"modified":"2023-08-03T14:54:49","modified_gmt":"2023-08-03T17:54:49","slug":"medico-do-vitoria-da-conquista-volta-a-ser-convocado-para-a-selecao-brasileira-sub-15","status":"publish","type":"post","link":"https:\/\/cidadebaixaonline.com.br\/index.php\/2023\/08\/03\/medico-do-vitoria-da-conquista-volta-a-ser-convocado-para-a-selecao-brasileira-sub-15\/","title":{"rendered":"M\u00e9dico do Vit\u00f3ria da Conquista volta a ser convocado para a sele\u00e7\u00e3o brasileira sub-15"},"content":{"rendered":"\n<p>O m\u00e9dico Alo\u00edsio Alan, do Vit\u00f3ria da Conquista, voltou a ser convocado para integrar a sele\u00e7\u00e3o brasileira sub-15. O selecionado vai se reunir entre os pr\u00f3ximos dias 14 e 25 de agosto, para disputar dois jogos amistosos contra o Uruguai.<\/p>\n\n\n\n<p>Diretor m\u00e9dico do Bode, Alo\u00edsio Alan havia integrado a comiss\u00e3o t\u00e9cnica do Brasil sub-15 na disputa da Copa 2 de Julho, Salvador. Ele est\u00e1 no clube conquistense desde 2008 e possui gradua\u00e7\u00e3o em Medicina pela Escola de Ci\u00eancias M\u00e9dicas de Alagoas, Especializa\u00e7\u00e3o em Ortopedia e Traumatologia pelo Hospital S\u00e3o Rafael e Especializa\u00e7\u00e3o em Cirurgia de Ombro e Artroscopia pelo Hospital Ortop\u00e9dico de Belo Horizonte.<\/p>\n\n\n\n<p>O t\u00e9cnico Dudu Patetuci convocou 23 jogadores para os dois desafios. O goleiro Arthur Jampa, do Bahia, est\u00e1 na lista do selecionado. Eles v\u00e3o se apresentar na Granja Comary, em Teres\u00f3polis, no dia 14 e far\u00e3o um per\u00edodo de prepara\u00e7\u00e3o. No dia 20, a delega\u00e7\u00e3o viaja para o Uruguai, onde enfrentar\u00e1 a sele\u00e7\u00e3o uruguaia. Os amistosos servem como preparat\u00f3rio visando a disputa do Sul-Americano da categoria, que acontecer\u00e1 em novembro deste ano, mas ainda em local a ser definido.<\/p>\n","protected":false},"excerpt":{"rendered":"<p>O m\u00e9dico Alo\u00edsio Alan, do Vit\u00f3ria da Conquista, voltou a ser convocado para integrar a sele\u00e7\u00e3o brasileira sub-15. O selecionado vai se reunir entre os pr\u00f3ximos dias 14 e 25 de agosto, para disputar dois jogos amistosos contra o Uruguai. Diretor m\u00e9dico do Bode, Alo\u00edsio Alan havia integrado a comiss\u00e3o t\u00e9cnica do Brasil sub-15 na [&hellip;]<\/p>\n","protected":false},"author":2,"featured_media":2516,"comment_status":"open","ping_status":"open","sticky":false,"template":"","format":"standard","meta":{"jnews-multi-image_gallery":[],"jnews_single_post":{"subtitle":"","format":"standard","video":"","gallery":"","source_name":"","source_url":"","via_name":"","via_url":"","override_template":"0","override":[{"template":"1","single_blog_custom":"","parallax":"1","fullscreen":"1","layout":"right-sidebar","sidebar":"default-sidebar","second_sidebar":"default-sidebar","sticky_sidebar":"1","share_position":"top","share_float_style":"share-monocrhome","show_share_counter":"0","show_view_counter":"0","show_featured":"1","show_post_meta":"1","show_post_author":"0","show_post_author_image":"1","show_post_date":"1","post_date_format":"default","post_date_format_custom":"Y\/m\/d","show_post_category":"1","show_post_reading_time":"0","post_reading_time_wpm":"300","show_zoom_button":"0","zoom_button_out_step":"2","zoom_button_in_step":"3","show_post_tag":"1","show_prev_next_post":"1","show_popup_post":"1","number_popup_post":"1","show_author_box":"0","show_post_related":"0","show_inline_post_related":"0"}],"override_image_size":"0","image_override":[{"single_post_thumbnail_size":"no-crop","single_post_gallery_size":"crop-715"}],"trending_post":"0","trending_post_position":"meta","trending_post_label":"Trending","sponsored_post":"0","sponsored_post_label":"Sponsored by","sponsored_post_name":"","sponsored_post_url":"","sponsored_post_logo_enable":"0","sponsored_post_logo":"","sponsored_post_desc":"","disable_ad":"0"},"jnews_primary_category":{"id":"","hide":""},"footnotes":""},"categories":[89],"tags":[],"class_list":["post-2515","post","type-post","status-publish","format-standard","has-post-thumbnail","hentry","category-esportes"],"_links":{"self":[{"href":"https:\/\/cidadebaixaonline.com.br\/index.php\/wp-json\/wp\/v2\/posts\/2515","targetHints":{"allow":["GET"]}}],"collection":[{"href":"https:\/\/cidadebaixaonline.com.br\/index.php\/wp-json\/wp\/v2\/posts"}],"about":[{"href":"https:\/\/cidadebaixaonline.com.br\/index.php\/wp-json\/wp\/v2\/types\/post"}],"author":[{"embeddable":true,"href":"https:\/\/cidadebaixaonline.com.br\/index.php\/wp-json\/wp\/v2\/users\/2"}],"replies":[{"embeddable":true,"href":"https:\/\/cidadebaixaonline.com.br\/index.php\/wp-json\/wp\/v2\/comments?post=2515"}],"version-history":[{"count":0,"href":"https:\/\/cidadebaixaonline.com.br\/index.php\/wp-json\/wp\/v2\/posts\/2515\/revisions"}],"wp:featuredmedia":[{"embeddable":true,"href":"https:\/\/cidadebaixaonline.com.br\/index.php\/wp-json\/wp\/v2\/media\/2516"}],"wp:attachment":[{"href":"https:\/\/cidadebaixaonline.com.br\/index.php\/wp-json\/wp\/v2\/media?parent=2515"}],"wp:term":[{"taxonomy":"category","embeddable":true,"href":"https:\/\/cidadebaixaonline.com.br\/index.php\/wp-json\/wp\/v2\/categories?post=2515"},{"taxonomy":"post_tag","embeddable":true,"href":"https:\/\/cidadebaixaonline.com.br\/index.php\/wp-json\/wp\/v2\/tags?post=2515"}],"curies":[{"name":"wp","href":"https:\/\/api.w.org\/{rel}","templated":true}]}}