{"id":2512,"date":"2023-08-03T14:43:52","date_gmt":"2023-08-03T17:43:52","guid":{"rendered":"https:\/\/cidadebaixaonline.com.br\/?p=2512"},"modified":"2023-08-03T14:44:26","modified_gmt":"2023-08-03T17:44:26","slug":"taxistas-e-mototaxistas-protestam-contra-servicos-precarios-entregues-pela-prefeitura","status":"publish","type":"post","link":"https:\/\/cidadebaixaonline.com.br\/index.php\/2023\/08\/03\/taxistas-e-mototaxistas-protestam-contra-servicos-precarios-entregues-pela-prefeitura\/","title":{"rendered":"Taxistas e mototaxistas protestam contra &#8220;servi\u00e7os prec\u00e1rios&#8221; entregues pela Prefeitura"},"content":{"rendered":"\n<p>Um&nbsp;movimento de taxistas e mototaxistas chegou \u00e0 sede da Coordena\u00e7\u00e3o de Transportes Especiais (Cotae), localizada na Avenida Vale dos Barris, em Salvador, na manh\u00e3 desta quinta-feira (3). Juntos, diversos membros das categorias cobraram melhores condi\u00e7\u00f5es de trabalho e cumprimentos de acordos feitos com a Prefeitura Municipal de Salvador.<\/p>\n\n\n\n<p>Por volta de 7h30, os taxistas aut\u00f4nomos refor\u00e7aram a necessidade de aten\u00e7\u00e3o para quest\u00f5es como a dificuldade nos agendamentos para emiss\u00e3o de crach\u00e1s e alvar\u00e1s. Outras cobran\u00e7as trataram do excesso de burocracias para documenta\u00e7\u00e3o, e de multas abusivas.&nbsp;<\/p>\n\n\n\n<p>Um dos alvos dos trabalhadores \u00e9 Fabrizzio Muller, respons\u00e1vel pela gest\u00e3o da&nbsp;Secretaria de Mobilidade de Salvador (Semob), apontado como autor de persegui\u00e7\u00e3o contra a classe.&nbsp; \u201cO secret\u00e1rio Fabrizio Muller est\u00e1 dificultando as coisas para os taxistas, desde quando colocou termos de renova\u00e7\u00e3o de carteira, tudo agora \u00e9 agendamento. Sem contar que existe a precariedade no atendimento, e os guich\u00eas est\u00e3o todos vazios. A coordenadora-chefe tem mais de 20 dias que n\u00e3o resolve nada. \u00c9 uma s\u00e9rie de dificuldades\u201d, disparou um taxista, que optou por n\u00e3o revelar a identidade.&nbsp;<\/p>\n\n\n\n<p>Outros pontos envolvem a vistoria de alguns ve\u00edculos: \u201cN\u00e3o est\u00e3o querendo fazer vistoria em ve\u00edculos com 10 anos\u201d, acrescentou.&nbsp;&nbsp;<\/p>\n\n\n\n<p>Marcelo Rosa, presidente do Sindicato dos Taxistas, refor\u00e7ou as crit\u00edcas \u00e0 Semob. \u201cO que n\u00f3s viemos reivindicar \u00e9 sobre uma lei de 2016, revogada em 2017 e de l\u00e1 pra c\u00e1 a Semob vem cobrando valores indevidos dos motoristas, esses valores tem que ser repassados para os taxistas. Temos que falar com o secret\u00e1rio para ser repassado pra n\u00f3s\u201d, disse.<\/p>\n\n\n\n<p>E, acrescentou: \u201cOutra coisa tamb\u00e9m que n\u00e3o temos certeza e recebemos multa, n\u00f3s sabemos que temos que fazer os cursos de 5 em 5 anos o permission\u00e1rio, e o auxiliar de 2 em 2 anos, n\u00f3s sabemos que os agentes que nos multam eles n\u00e3o tem o curso. Dirigem viatura, caminh\u00e3o e a maioria n\u00e3o tem o curso, como voc\u00ea penaliza as pessoas sem fazer o dever de casa? O agente fiscalizador tem que fazer o curso de 3 em 3 anos, e os agentes n\u00e3o t\u00eam esse curso, queremos saber se \u00e9 verdade. J\u00e1 que n\u00f3s temos que fazer o curso, a culpa n\u00e3o \u00e9 do agente, \u00e9 do \u00f3rg\u00e3o, taxista passa por tantas coisas, passou por pandemia, com a chegada dos aplicativos nossa renda caiu 70%, pelo menos a gratuidade do curso para n\u00f3s\u201d.<\/p>\n","protected":false},"excerpt":{"rendered":"<p>Um&nbsp;movimento de taxistas e mototaxistas chegou \u00e0 sede da Coordena\u00e7\u00e3o de Transportes Especiais (Cotae), localizada na Avenida Vale dos Barris, em Salvador, na manh\u00e3 desta quinta-feira (3). Juntos, diversos membros das categorias cobraram melhores condi\u00e7\u00f5es de trabalho e cumprimentos de acordos feitos com a Prefeitura Municipal de Salvador. Por volta de 7h30, os taxistas aut\u00f4nomos [&hellip;]<\/p>\n","protected":false},"author":2,"featured_media":2513,"comment_status":"open","ping_status":"open","sticky":false,"template":"","format":"standard","meta":{"jnews-multi-image_gallery":[],"jnews_single_post":{"subtitle":"","format":"standard","video":"","gallery":"","source_name":"","source_url":"","via_name":"","via_url":"","override_template":"0","override":[{"template":"1","single_blog_custom":"","parallax":"1","fullscreen":"1","layout":"right-sidebar","sidebar":"default-sidebar","second_sidebar":"default-sidebar","sticky_sidebar":"1","share_position":"top","share_float_style":"share-monocrhome","show_share_counter":"0","show_view_counter":"0","show_featured":"1","show_post_meta":"1","show_post_author":"0","show_post_author_image":"1","show_post_date":"1","post_date_format":"default","post_date_format_custom":"Y\/m\/d","show_post_category":"1","show_post_reading_time":"0","post_reading_time_wpm":"300","show_zoom_button":"0","zoom_button_out_step":"2","zoom_button_in_step":"3","show_post_tag":"1","show_prev_next_post":"1","show_popup_post":"1","number_popup_post":"1","show_author_box":"0","show_post_related":"0","show_inline_post_related":"0"}],"override_image_size":"0","image_override":[{"single_post_thumbnail_size":"no-crop","single_post_gallery_size":"crop-715"}],"trending_post":"0","trending_post_position":"meta","trending_post_label":"Trending","sponsored_post":"0","sponsored_post_label":"Sponsored by","sponsored_post_name":"","sponsored_post_url":"","sponsored_post_logo_enable":"0","sponsored_post_logo":"","sponsored_post_desc":"","disable_ad":"0"},"jnews_primary_category":{"id":"","hide":""},"footnotes":""},"categories":[85],"tags":[],"class_list":["post-2512","post","type-post","status-publish","format-standard","has-post-thumbnail","hentry","category-noticias"],"_links":{"self":[{"href":"https:\/\/cidadebaixaonline.com.br\/index.php\/wp-json\/wp\/v2\/posts\/2512","targetHints":{"allow":["GET"]}}],"collection":[{"href":"https:\/\/cidadebaixaonline.com.br\/index.php\/wp-json\/wp\/v2\/posts"}],"about":[{"href":"https:\/\/cidadebaixaonline.com.br\/index.php\/wp-json\/wp\/v2\/types\/post"}],"author":[{"embeddable":true,"href":"https:\/\/cidadebaixaonline.com.br\/index.php\/wp-json\/wp\/v2\/users\/2"}],"replies":[{"embeddable":true,"href":"https:\/\/cidadebaixaonline.com.br\/index.php\/wp-json\/wp\/v2\/comments?post=2512"}],"version-history":[{"count":0,"href":"https:\/\/cidadebaixaonline.com.br\/index.php\/wp-json\/wp\/v2\/posts\/2512\/revisions"}],"wp:featuredmedia":[{"embeddable":true,"href":"https:\/\/cidadebaixaonline.com.br\/index.php\/wp-json\/wp\/v2\/media\/2513"}],"wp:attachment":[{"href":"https:\/\/cidadebaixaonline.com.br\/index.php\/wp-json\/wp\/v2\/media?parent=2512"}],"wp:term":[{"taxonomy":"category","embeddable":true,"href":"https:\/\/cidadebaixaonline.com.br\/index.php\/wp-json\/wp\/v2\/categories?post=2512"},{"taxonomy":"post_tag","embeddable":true,"href":"https:\/\/cidadebaixaonline.com.br\/index.php\/wp-json\/wp\/v2\/tags?post=2512"}],"curies":[{"name":"wp","href":"https:\/\/api.w.org\/{rel}","templated":true}]}}