{"id":2469,"date":"2023-08-03T11:25:26","date_gmt":"2023-08-03T14:25:26","guid":{"rendered":"https:\/\/cidadebaixaonline.com.br\/?p=2469"},"modified":"2023-08-03T11:31:37","modified_gmt":"2023-08-03T14:31:37","slug":"quem-chegou-e-quem-saiu-confira-resumo-da-janela-de-transferencias-do-vitoria","status":"publish","type":"post","link":"https:\/\/cidadebaixaonline.com.br\/index.php\/2023\/08\/03\/quem-chegou-e-quem-saiu-confira-resumo-da-janela-de-transferencias-do-vitoria\/","title":{"rendered":"Quem chegou e quem saiu: Confira resumo da janela de transfer\u00eancias do Vit\u00f3ria"},"content":{"rendered":"\n<p>A segunda janela de transfer\u00eancias da temporada de 2023 no Brasil se encerrou nesta quarta-feira (2). O per\u00edodo, que durou praticamente um m\u00eas, rendeu ao Vit\u00f3ria cinco contrata\u00e7\u00f5es e algumas sa\u00eddas. A partir de agora, o Le\u00e3o s\u00f3 pode inscrever jogadores sem contrato, desde que o fa\u00e7a at\u00e9 15 de setembro.&nbsp;<\/p>\n\n\n\n<p>A primeira contrata\u00e7\u00e3o chegou \u00e0 Toca do Le\u00e3o bem antes da abertura da janela. No dia 8 de junho, o volante Dudu j\u00e1 fazia exames m\u00e9dicos e treinava com o grupo que disputa a S\u00e9rie B do Campeonato Brasileiro.&nbsp;<\/p>\n\n\n\n<p>O jovem de 24 anos&nbsp;veio por empr\u00e9stimo do Volta Redonda com contrato de um ano. J\u00e1 atuou em seis partidas pelo Vit\u00f3ria e tem sido titular sob o comando de L\u00e9o Cond\u00e9.<\/p>\n\n\n\n<p>Outro que chegou cedo ao Rubro-Negro baiano foi o atacante Mateus Gon\u00e7alves, de 28 anos. Vindo do Am\u00e9rica-MG, o atleta&nbsp;desembarcou em Salvador no dia 21 de junho e assinou contrato at\u00e9 2024.&nbsp;Ele rapidamente caiu nas gra\u00e7as da torcida, com tr\u00eas assist\u00eancias em seis partidas disputadas.&nbsp;<\/p>\n\n\n\n<p>A terceira contrata\u00e7\u00e3o do Vit\u00f3ria ocorreu j\u00e1 com a janela de transfer\u00eancias em andamento. O volante Jhonny Lucas, de 23 anos, veio por empr\u00e9stimo do Goi\u00e1s at\u00e9 o final de 2023, com op\u00e7\u00e3o de compra.<\/p>\n\n\n\n<p>At\u00e9 o momento, foi pouco aproveitado pelo t\u00e9cnico L\u00e9o Cond\u00e9. Tem apenas tr\u00eas jogos, nenhum deles com mais que 45 minutos.&nbsp;<\/p>\n\n\n\n<p>Dos que j\u00e1 estrearam, o atacante Iury Castilho foi a \u00faltima contrata\u00e7\u00e3o do Vit\u00f3ria. E tem coisa melhor que estrear fazendo gol? O atleta garantiu o empate do Le\u00e3o com a Ponte Preta no \u00faltimo domingo (30)&nbsp;quando balan\u00e7ou as redes no final da partida.&nbsp;<\/p>\n\n\n\n<p>Comprado e com contrato at\u00e9 o fim de 2024, Iury veio do Cuiab\u00e1, que disputava a S\u00e9rie A do Brasileir\u00e3o. Ele voltou a marcar nesta quarta-feira (2) pelo Le\u00e3o, mas estava impedido.<\/p>\n\n\n\n<p>J\u00e1 no apagar das luzes, o Vit\u00f3ria contratou o lateral-esquerdo Edson Lucas, do Retr\u00f4. Ele&nbsp;foi regularizado no Boletim Informativo Di\u00e1rio (BID) da CBF nesta quarta-feira (2)&nbsp;e est\u00e1 \u00e0 disposi\u00e7\u00e3o para o pr\u00f3ximo jogo do Le\u00e3o. A equipe treinada por L\u00e9o Cond\u00e9 vai ao Est\u00e1dio do Caf\u00e9 enfrentar o Londrina na pr\u00f3xima segunda (7), \u00e0s 20h, pela 22\u00aa rodada da S\u00e9rie B.&nbsp;<\/p>\n\n\n\n<p>QUEM SAIU<\/p>\n\n\n\n<p>Na medida em que chegaram cinco jogadores, outros cinco sa\u00edram &#8211; ou est\u00e3o de sa\u00edda &#8211; do clube.&nbsp;Os dois primeiros foram o volante Diego Fuma\u00e7a e o atacante Nicol\u00e1s Dibble. Somados, eles fizeram apenas 14 partidas pelo Vit\u00f3ria.<\/p>\n\n\n\n<p>Dibble chegou a marcar um gol e dar uma assist\u00eancia, mas foi pouco aproveitado por Cond\u00e9. O atacante, que pertence ao Plaza Colonia (URU), agora est\u00e1 emprestado ao CSD Municipal, da Guatemala. J\u00e1 Fuma\u00e7a, que tem seus direitos vinculados ao Athletic-MG, disputa a S\u00e9rie C do Brasileiro com o Amazonas FC.<\/p>\n\n\n\n<p>Quem tamb\u00e9m&nbsp;vai para o clube de Manaus \u00e9 o argentino Diego Torres. Fora dos planos de L\u00e9o Cond\u00e9, o atleta chegou a fazer 23 jogos com a camisa do Le\u00e3o na temporada. Marcou quatro gols e deu tr\u00eas assist\u00eancias.&nbsp;<\/p>\n\n\n\n<p>J\u00e1 o volante Ruan Nascimento&nbsp;foi emprestado para o Figueirense. Com contrato at\u00e9 2025 com o Vit\u00f3ria, o jovem de 22 anos&nbsp;Ruan n\u00e3o teve muitas oportunidades em 2023. Foram apenas cinco partidas disputadas e nenhum gol marcado.<\/p>\n\n\n\n<p>A sa\u00edda mais pol\u00eamica de todas \u00e9 a do colombiano Santiago Tr\u00e9llez. O atacante recebeu propostas de outros clubes, mas manifestou o desejo de permanecer no Rubro-Negro baiano. A diretoria, no entanto, considera o sal\u00e1rio dele muito alto e ofereceu uma redu\u00e7\u00e3o de 50% no valor.<\/p>\n\n\n\n<p>Tr\u00e9llez&nbsp;revelou que fez uma contraproposta, que n\u00e3o foi aceita. O prov\u00e1vel desfecho \u00e9 a rescis\u00e3o contratual, segundo apurou o Bahia Not\u00edcias com fontes ligadas \u00e0 c\u00fapula rubro-negra.<\/p>\n\n\n\n<p>O Vit\u00f3ria ainda tenta encontrar&nbsp;uma solu\u00e7\u00e3o para o volante Pedro Bicalho. O atleta de 22 anos n\u00e3o ser\u00e1 aproveitado na S\u00e9rie B, mas o v\u00ednculo de empr\u00e9stimo ainda n\u00e3o foi desfeito porque o clube teria que pagar uma multa. Bicalho pertence ao Palmeiras e tem contrato com o Le\u00e3o at\u00e9 o fim de 2023.&nbsp;<\/p>\n","protected":false},"excerpt":{"rendered":"<p>A segunda janela de transfer\u00eancias da temporada de 2023 no Brasil se encerrou nesta quarta-feira (2). O per\u00edodo, que durou praticamente um m\u00eas, rendeu ao Vit\u00f3ria cinco contrata\u00e7\u00f5es e algumas sa\u00eddas. A partir de agora, o Le\u00e3o s\u00f3 pode inscrever jogadores sem contrato, desde que o fa\u00e7a at\u00e9 15 de setembro.&nbsp; A primeira contrata\u00e7\u00e3o chegou [&hellip;]<\/p>\n","protected":false},"author":2,"featured_media":2475,"comment_status":"open","ping_status":"open","sticky":false,"template":"","format":"standard","meta":{"jnews-multi-image_gallery":[],"jnews_single_post":{"subtitle":"","format":"standard","video":"","gallery":"","source_name":"","source_url":"","via_name":"","via_url":"","override_template":"0","override":[{"template":"1","single_blog_custom":"","parallax":"1","fullscreen":"1","layout":"right-sidebar","sidebar":"default-sidebar","second_sidebar":"default-sidebar","sticky_sidebar":"1","share_position":"top","share_float_style":"share-monocrhome","show_share_counter":"0","show_view_counter":"0","show_featured":"1","show_post_meta":"1","show_post_author":"0","show_post_author_image":"1","show_post_date":"1","post_date_format":"default","post_date_format_custom":"Y\/m\/d","show_post_category":"1","show_post_reading_time":"0","post_reading_time_wpm":"300","show_zoom_button":"0","zoom_button_out_step":"2","zoom_button_in_step":"3","show_post_tag":"1","show_prev_next_post":"1","show_popup_post":"1","number_popup_post":"1","show_author_box":"0","show_post_related":"0","show_inline_post_related":"0"}],"override_image_size":"0","image_override":[{"single_post_thumbnail_size":"no-crop","single_post_gallery_size":"crop-715"}],"trending_post":"0","trending_post_position":"meta","trending_post_label":"Trending","sponsored_post":"0","sponsored_post_label":"Sponsored by","sponsored_post_name":"","sponsored_post_url":"","sponsored_post_logo_enable":"0","sponsored_post_logo":"","sponsored_post_desc":"","disable_ad":"0"},"jnews_primary_category":{"id":"","hide":""},"footnotes":""},"categories":[85],"tags":[],"class_list":["post-2469","post","type-post","status-publish","format-standard","has-post-thumbnail","hentry","category-noticias"],"_links":{"self":[{"href":"https:\/\/cidadebaixaonline.com.br\/index.php\/wp-json\/wp\/v2\/posts\/2469","targetHints":{"allow":["GET"]}}],"collection":[{"href":"https:\/\/cidadebaixaonline.com.br\/index.php\/wp-json\/wp\/v2\/posts"}],"about":[{"href":"https:\/\/cidadebaixaonline.com.br\/index.php\/wp-json\/wp\/v2\/types\/post"}],"author":[{"embeddable":true,"href":"https:\/\/cidadebaixaonline.com.br\/index.php\/wp-json\/wp\/v2\/users\/2"}],"replies":[{"embeddable":true,"href":"https:\/\/cidadebaixaonline.com.br\/index.php\/wp-json\/wp\/v2\/comments?post=2469"}],"version-history":[{"count":0,"href":"https:\/\/cidadebaixaonline.com.br\/index.php\/wp-json\/wp\/v2\/posts\/2469\/revisions"}],"wp:featuredmedia":[{"embeddable":true,"href":"https:\/\/cidadebaixaonline.com.br\/index.php\/wp-json\/wp\/v2\/media\/2475"}],"wp:attachment":[{"href":"https:\/\/cidadebaixaonline.com.br\/index.php\/wp-json\/wp\/v2\/media?parent=2469"}],"wp:term":[{"taxonomy":"category","embeddable":true,"href":"https:\/\/cidadebaixaonline.com.br\/index.php\/wp-json\/wp\/v2\/categories?post=2469"},{"taxonomy":"post_tag","embeddable":true,"href":"https:\/\/cidadebaixaonline.com.br\/index.php\/wp-json\/wp\/v2\/tags?post=2469"}],"curies":[{"name":"wp","href":"https:\/\/api.w.org\/{rel}","templated":true}]}}