{"id":2463,"date":"2023-08-03T11:13:32","date_gmt":"2023-08-03T14:13:32","guid":{"rendered":"https:\/\/cidadebaixaonline.com.br\/?p=2463"},"modified":"2023-08-03T11:13:34","modified_gmt":"2023-08-03T14:13:34","slug":"senado-vai-recorrer-da-decisao-do-stf-que-limitou-piso-da-enfermagem","status":"publish","type":"post","link":"https:\/\/cidadebaixaonline.com.br\/index.php\/2023\/08\/03\/senado-vai-recorrer-da-decisao-do-stf-que-limitou-piso-da-enfermagem\/","title":{"rendered":"Senado vai recorrer da decis\u00e3o do STF que limitou piso da enfermagem"},"content":{"rendered":"\n<p>O presidente do Senado Rodrigo Pacheco (PSD-MG) informou que a Advocacia-Geral da Casa vai recorrer da decis\u00e3o do Supremo Tribunal Federal (STF) que limitou o pagamento do piso nacional da enfermagem. O STF condicionou o pagamento do piso, no caso de enfermeiros celetistas que trabalham em hospitais privados, a um acordo coletivo firmado entre patr\u00f5es e trabalhadores. Pacheco argumentou que \u201cn\u00e3o \u00e9 razo\u00e1vel\u201d o Poder Judici\u00e1rio revisar a lei aprovada pelo parlamento por unanimidade.<\/p>\n\n\n\n<p>\u201cFoi uma op\u00e7\u00e3o de elevar essa categoria, sob ponto de vista social, profissional, em fun\u00e7\u00e3o de tudo que n\u00f3s vivemos no Brasil recente com a pandemia: Certa ou errada, foi uma op\u00e7\u00e3o pol\u00edtica desta Casa, de maneira soberana. Esta op\u00e7\u00e3o \u00e9 fundamental que seja respeitada\u201d, afirmou Pacheco. &nbsp;<\/p>\n\n\n\n<p>No final do primeiro semestre do Judici\u00e1rio, o Supremo votou pela constitucionalidade do piso nacional da enfermagem, que havia sido suspenso por limitar no ministro Lu\u00eds Roberto Barroso a pedido de entidades patronais. Ao julgar o tema no plen\u00e1rio, venceu a tese de Barroso de que os trabalhadores do setor privado devem negociar com o patr\u00e3o para receber o piso. &nbsp;<\/p>\n\n\n\n<p>Os sindicatos da categoria reclamaram que a decis\u00e3o do STF ainda traz o risco de aumento de jornada de trabalho ao permitir que ela seja definida em acordo coletivo. Outra cr\u00edtica \u00e9 que a decis\u00e3o definiu que o pagamento do piso \u00e9 proporcional a carga de oito horas di\u00e1rias e 44 semanais, resultando em pagamentos abaixo do piso para as jornadas inferiores.<\/p>\n","protected":false},"excerpt":{"rendered":"<p>O presidente do Senado Rodrigo Pacheco (PSD-MG) informou que a Advocacia-Geral da Casa vai recorrer da decis\u00e3o do Supremo Tribunal Federal (STF) que limitou o pagamento do piso nacional da enfermagem. O STF condicionou o pagamento do piso, no caso de enfermeiros celetistas que trabalham em hospitais privados, a um acordo coletivo firmado entre patr\u00f5es [&hellip;]<\/p>\n","protected":false},"author":2,"featured_media":2464,"comment_status":"open","ping_status":"open","sticky":false,"template":"","format":"standard","meta":{"jnews-multi-image_gallery":[],"jnews_single_post":{"subtitle":"","format":"standard","video":"","gallery":"","source_name":"","source_url":"","via_name":"","via_url":"","override_template":"0","override":[{"template":"1","single_blog_custom":"","parallax":"1","fullscreen":"1","layout":"right-sidebar","sidebar":"default-sidebar","second_sidebar":"default-sidebar","sticky_sidebar":"1","share_position":"top","share_float_style":"share-monocrhome","show_share_counter":"0","show_view_counter":"0","show_featured":"1","show_post_meta":"1","show_post_author":"0","show_post_author_image":"1","show_post_date":"1","post_date_format":"default","post_date_format_custom":"Y\/m\/d","show_post_category":"1","show_post_reading_time":"0","post_reading_time_wpm":"300","show_zoom_button":"0","zoom_button_out_step":"2","zoom_button_in_step":"3","show_post_tag":"1","show_prev_next_post":"1","show_popup_post":"1","number_popup_post":"1","show_author_box":"0","show_post_related":"0","show_inline_post_related":"0"}],"override_image_size":"0","image_override":[{"single_post_thumbnail_size":"no-crop","single_post_gallery_size":"crop-715"}],"trending_post":"0","trending_post_position":"meta","trending_post_label":"Trending","sponsored_post":"0","sponsored_post_label":"Sponsored by","sponsored_post_name":"","sponsored_post_url":"","sponsored_post_logo_enable":"0","sponsored_post_logo":"","sponsored_post_desc":"","disable_ad":"0"},"jnews_primary_category":{"id":"","hide":""},"footnotes":""},"categories":[91],"tags":[],"class_list":["post-2463","post","type-post","status-publish","format-standard","has-post-thumbnail","hentry","category-politica"],"_links":{"self":[{"href":"https:\/\/cidadebaixaonline.com.br\/index.php\/wp-json\/wp\/v2\/posts\/2463","targetHints":{"allow":["GET"]}}],"collection":[{"href":"https:\/\/cidadebaixaonline.com.br\/index.php\/wp-json\/wp\/v2\/posts"}],"about":[{"href":"https:\/\/cidadebaixaonline.com.br\/index.php\/wp-json\/wp\/v2\/types\/post"}],"author":[{"embeddable":true,"href":"https:\/\/cidadebaixaonline.com.br\/index.php\/wp-json\/wp\/v2\/users\/2"}],"replies":[{"embeddable":true,"href":"https:\/\/cidadebaixaonline.com.br\/index.php\/wp-json\/wp\/v2\/comments?post=2463"}],"version-history":[{"count":0,"href":"https:\/\/cidadebaixaonline.com.br\/index.php\/wp-json\/wp\/v2\/posts\/2463\/revisions"}],"wp:featuredmedia":[{"embeddable":true,"href":"https:\/\/cidadebaixaonline.com.br\/index.php\/wp-json\/wp\/v2\/media\/2464"}],"wp:attachment":[{"href":"https:\/\/cidadebaixaonline.com.br\/index.php\/wp-json\/wp\/v2\/media?parent=2463"}],"wp:term":[{"taxonomy":"category","embeddable":true,"href":"https:\/\/cidadebaixaonline.com.br\/index.php\/wp-json\/wp\/v2\/categories?post=2463"},{"taxonomy":"post_tag","embeddable":true,"href":"https:\/\/cidadebaixaonline.com.br\/index.php\/wp-json\/wp\/v2\/tags?post=2463"}],"curies":[{"name":"wp","href":"https:\/\/api.w.org\/{rel}","templated":true}]}}