{"id":2447,"date":"2023-08-03T10:42:40","date_gmt":"2023-08-03T13:42:40","guid":{"rendered":"https:\/\/cidadebaixaonline.com.br\/?p=2447"},"modified":"2023-08-03T10:42:42","modified_gmt":"2023-08-03T13:42:42","slug":"toffoli-decide-anular-provas-que-acusavam-cabral-de-receber-propina-da-odebrecht","status":"publish","type":"post","link":"https:\/\/cidadebaixaonline.com.br\/index.php\/2023\/08\/03\/toffoli-decide-anular-provas-que-acusavam-cabral-de-receber-propina-da-odebrecht\/","title":{"rendered":"Toffoli decide anular provas que acusavam Cabral de receber propina da Odebrecht"},"content":{"rendered":"\n<p>O ministro do Supremo Tribunal Federal (STF) Dias Toffoli decidiu anular, nesta quarta-feira (2), as provas contra o ex-governador do Rio de Janeiro S\u00e9rgio Cabral na a\u00e7\u00e3o que o acusava de receber propina da Odebrecht.&nbsp;<\/p>\n\n\n\n<p>Toffoli considerou que os documentos apresentados pela empreiteira s\u00e3o emprest\u00e1veis. O ministro declarou que existem 53 refer\u00eancias ao material na acusa\u00e7\u00e3o contra S\u00e9rgio Cabral.&nbsp;<br>&nbsp;<br>Este material j\u00e1 tinha sido usado como base para a formula\u00e7\u00e3o de acordo de leni\u00eancia, que resultou em uma den\u00fancia contra o presidente Luiz In\u00e1cio Lula da Silva (PT). &#8220;Por tais raz\u00f5es, n\u00e3o h\u00e1 como deixar de concluir que os elementos integrantes do Acordo de Leni\u00eancia, que emprestam suporte \u00e0 a\u00e7\u00e3o penal movida contra o requerente [Cabral], encontram-se nulos\u201d, finalizou Dias Toffoli.&nbsp;<\/p>\n","protected":false},"excerpt":{"rendered":"<p>O ministro do Supremo Tribunal Federal (STF) Dias Toffoli decidiu anular, nesta quarta-feira (2), as provas contra o ex-governador do Rio de Janeiro S\u00e9rgio Cabral na a\u00e7\u00e3o que o acusava de receber propina da Odebrecht.&nbsp; Toffoli considerou que os documentos apresentados pela empreiteira s\u00e3o emprest\u00e1veis. O ministro declarou que existem 53 refer\u00eancias ao material na [&hellip;]<\/p>\n","protected":false},"author":2,"featured_media":2448,"comment_status":"open","ping_status":"open","sticky":false,"template":"","format":"standard","meta":{"jnews-multi-image_gallery":[],"jnews_single_post":{"subtitle":"","format":"standard","video":"","gallery":"","source_name":"","source_url":"","via_name":"","via_url":"","override_template":"0","override":[{"template":"1","single_blog_custom":"","parallax":"1","fullscreen":"1","layout":"right-sidebar","sidebar":"default-sidebar","second_sidebar":"default-sidebar","sticky_sidebar":"1","share_position":"top","share_float_style":"share-monocrhome","show_share_counter":"0","show_view_counter":"0","show_featured":"1","show_post_meta":"1","show_post_author":"0","show_post_author_image":"1","show_post_date":"1","post_date_format":"default","post_date_format_custom":"Y\/m\/d","show_post_category":"1","show_post_reading_time":"0","post_reading_time_wpm":"300","show_zoom_button":"0","zoom_button_out_step":"2","zoom_button_in_step":"3","show_post_tag":"1","show_prev_next_post":"1","show_popup_post":"1","number_popup_post":"1","show_author_box":"0","show_post_related":"0","show_inline_post_related":"0"}],"override_image_size":"0","image_override":[{"single_post_thumbnail_size":"no-crop","single_post_gallery_size":"crop-715"}],"trending_post":"0","trending_post_position":"meta","trending_post_label":"Trending","sponsored_post":"0","sponsored_post_label":"Sponsored by","sponsored_post_name":"","sponsored_post_url":"","sponsored_post_logo_enable":"0","sponsored_post_logo":"","sponsored_post_desc":"","disable_ad":"0"},"jnews_primary_category":{"id":"","hide":""},"footnotes":""},"categories":[91],"tags":[],"class_list":["post-2447","post","type-post","status-publish","format-standard","has-post-thumbnail","hentry","category-politica"],"_links":{"self":[{"href":"https:\/\/cidadebaixaonline.com.br\/index.php\/wp-json\/wp\/v2\/posts\/2447","targetHints":{"allow":["GET"]}}],"collection":[{"href":"https:\/\/cidadebaixaonline.com.br\/index.php\/wp-json\/wp\/v2\/posts"}],"about":[{"href":"https:\/\/cidadebaixaonline.com.br\/index.php\/wp-json\/wp\/v2\/types\/post"}],"author":[{"embeddable":true,"href":"https:\/\/cidadebaixaonline.com.br\/index.php\/wp-json\/wp\/v2\/users\/2"}],"replies":[{"embeddable":true,"href":"https:\/\/cidadebaixaonline.com.br\/index.php\/wp-json\/wp\/v2\/comments?post=2447"}],"version-history":[{"count":0,"href":"https:\/\/cidadebaixaonline.com.br\/index.php\/wp-json\/wp\/v2\/posts\/2447\/revisions"}],"wp:featuredmedia":[{"embeddable":true,"href":"https:\/\/cidadebaixaonline.com.br\/index.php\/wp-json\/wp\/v2\/media\/2448"}],"wp:attachment":[{"href":"https:\/\/cidadebaixaonline.com.br\/index.php\/wp-json\/wp\/v2\/media?parent=2447"}],"wp:term":[{"taxonomy":"category","embeddable":true,"href":"https:\/\/cidadebaixaonline.com.br\/index.php\/wp-json\/wp\/v2\/categories?post=2447"},{"taxonomy":"post_tag","embeddable":true,"href":"https:\/\/cidadebaixaonline.com.br\/index.php\/wp-json\/wp\/v2\/tags?post=2447"}],"curies":[{"name":"wp","href":"https:\/\/api.w.org\/{rel}","templated":true}]}}