{"id":2413,"date":"2023-08-02T16:00:33","date_gmt":"2023-08-02T19:00:33","guid":{"rendered":"https:\/\/cidadebaixaonline.com.br\/?p=2413"},"modified":"2023-08-02T16:00:35","modified_gmt":"2023-08-02T19:00:35","slug":"taxa-de-juros-do-cartao-de-credito-vai-cair-muito-diz-haddad","status":"publish","type":"post","link":"https:\/\/cidadebaixaonline.com.br\/index.php\/2023\/08\/02\/taxa-de-juros-do-cartao-de-credito-vai-cair-muito-diz-haddad\/","title":{"rendered":"Taxa de juros do cart\u00e3o de cr\u00e9dito vai &#8220;cair muito&#8221;, diz Haddad"},"content":{"rendered":"\n<p>O ministro da Fazenda, Fernando Haddad, disse nesta quarta-feira (2) que os juros do cart\u00e3o de cr\u00e9dito rotativo v\u00e3o cair, mas que as taxas devem permanecer altas at\u00e9 que o governo chegue a um consenso com os bancos e a um &#8220;sistema mais saud\u00e1vel&#8221;.<br><br>\u201cVai cair. Quando eu falo gradualmente, n\u00e3o \u00e9 que vai cair de 430% para 420%. Vai cair muito, mas, mesmo caindo muito, vai continuar alto por um tempo at\u00e9 a gente cumprir uma transi\u00e7\u00e3o. O que vamos contratar no sistema banc\u00e1rio \u00e9 uma transi\u00e7\u00e3o para um sistema que seja mais saud\u00e1vel do que esse.\u201d<\/p>\n\n\n\n<p>Em entrevista a emissoras de r\u00e1dio no programa Bom Dia, Ministro, Haddad destacou o \u201cfreio de arruma\u00e7\u00e3o\u201d dado pelo governo na economia neste primeiro semestre \u2013 incluindo a redu\u00e7\u00e3o da infla\u00e7\u00e3o, o que abre espa\u00e7o, segundo ele, para a queda dos juros.<\/p>\n\n\n\n<p>\u201cEst\u00e1 todo mundo trabalhando na mesma dire\u00e7\u00e3o, para arrumar a casa. Ao arrumar a casa e tendo esses benef\u00edcios \u2013 queda da infla\u00e7\u00e3o, queda do d\u00f3lar \u2013, tudo isso aponta numa dire\u00e7\u00e3o t\u00e9cnica de um corte mais consistente. Hoje, o mercado est\u00e1 pendendo mais para 0,5 do que para qualquer outro n\u00famero\u201d, completou Haddad.<\/p>\n\n\n\n<p>J\u00e1 sobre o Desenrola, programa de renegocia\u00e7\u00e3o de d\u00edvidas, o ministro fez um balan\u00e7o: quase R$ 3 bilh\u00f5es em d\u00edvidas renegociadas at\u00e9 agora. O montante, segundo ele, pode chegar a R$ 50 bilh\u00f5es at\u00e9 o fim do ano. Em setembro, o programa entra na fase de renegocia\u00e7\u00e3o de d\u00edvidas de servi\u00e7os, lojas e contas b\u00e1sicas, como \u00e1gua e luz.<\/p>\n","protected":false},"excerpt":{"rendered":"<p>O ministro da Fazenda, Fernando Haddad, disse nesta quarta-feira (2) que os juros do cart\u00e3o de cr\u00e9dito rotativo v\u00e3o cair, mas que as taxas devem permanecer altas at\u00e9 que o governo chegue a um consenso com os bancos e a um &#8220;sistema mais saud\u00e1vel&#8221;. \u201cVai cair. Quando eu falo gradualmente, n\u00e3o \u00e9 que vai cair [&hellip;]<\/p>\n","protected":false},"author":2,"featured_media":2414,"comment_status":"open","ping_status":"open","sticky":false,"template":"","format":"standard","meta":{"jnews-multi-image_gallery":[],"jnews_single_post":{"subtitle":"","format":"standard","video":"","gallery":"","source_name":"","source_url":"","via_name":"","via_url":"","override_template":"0","override":[{"template":"1","single_blog_custom":"","parallax":"1","fullscreen":"1","layout":"right-sidebar","sidebar":"default-sidebar","second_sidebar":"default-sidebar","sticky_sidebar":"1","share_position":"top","share_float_style":"share-monocrhome","show_share_counter":"0","show_view_counter":"0","show_featured":"1","show_post_meta":"1","show_post_author":"0","show_post_author_image":"1","show_post_date":"1","post_date_format":"default","post_date_format_custom":"Y\/m\/d","show_post_category":"1","show_post_reading_time":"0","post_reading_time_wpm":"300","show_zoom_button":"0","zoom_button_out_step":"2","zoom_button_in_step":"3","show_post_tag":"1","show_prev_next_post":"1","show_popup_post":"1","number_popup_post":"1","show_author_box":"0","show_post_related":"0","show_inline_post_related":"0"}],"override_image_size":"0","image_override":[{"single_post_thumbnail_size":"no-crop","single_post_gallery_size":"crop-715"}],"trending_post":"0","trending_post_position":"meta","trending_post_label":"Trending","sponsored_post":"0","sponsored_post_label":"Sponsored by","sponsored_post_name":"","sponsored_post_url":"","sponsored_post_logo_enable":"0","sponsored_post_logo":"","sponsored_post_desc":"","disable_ad":"0"},"jnews_primary_category":{"id":"","hide":""},"footnotes":""},"categories":[91],"tags":[],"class_list":["post-2413","post","type-post","status-publish","format-standard","has-post-thumbnail","hentry","category-politica"],"_links":{"self":[{"href":"https:\/\/cidadebaixaonline.com.br\/index.php\/wp-json\/wp\/v2\/posts\/2413","targetHints":{"allow":["GET"]}}],"collection":[{"href":"https:\/\/cidadebaixaonline.com.br\/index.php\/wp-json\/wp\/v2\/posts"}],"about":[{"href":"https:\/\/cidadebaixaonline.com.br\/index.php\/wp-json\/wp\/v2\/types\/post"}],"author":[{"embeddable":true,"href":"https:\/\/cidadebaixaonline.com.br\/index.php\/wp-json\/wp\/v2\/users\/2"}],"replies":[{"embeddable":true,"href":"https:\/\/cidadebaixaonline.com.br\/index.php\/wp-json\/wp\/v2\/comments?post=2413"}],"version-history":[{"count":0,"href":"https:\/\/cidadebaixaonline.com.br\/index.php\/wp-json\/wp\/v2\/posts\/2413\/revisions"}],"wp:featuredmedia":[{"embeddable":true,"href":"https:\/\/cidadebaixaonline.com.br\/index.php\/wp-json\/wp\/v2\/media\/2414"}],"wp:attachment":[{"href":"https:\/\/cidadebaixaonline.com.br\/index.php\/wp-json\/wp\/v2\/media?parent=2413"}],"wp:term":[{"taxonomy":"category","embeddable":true,"href":"https:\/\/cidadebaixaonline.com.br\/index.php\/wp-json\/wp\/v2\/categories?post=2413"},{"taxonomy":"post_tag","embeddable":true,"href":"https:\/\/cidadebaixaonline.com.br\/index.php\/wp-json\/wp\/v2\/tags?post=2413"}],"curies":[{"name":"wp","href":"https:\/\/api.w.org\/{rel}","templated":true}]}}