{"id":2376,"date":"2023-08-02T15:01:45","date_gmt":"2023-08-02T18:01:45","guid":{"rendered":"https:\/\/cidadebaixaonline.com.br\/?p=2376"},"modified":"2023-08-02T15:01:47","modified_gmt":"2023-08-02T18:01:47","slug":"capitao-alden-reage-a-tentativa-do-pt-em-barrar-rui-costa-de-comparecer-na-cpi-do-mst","status":"publish","type":"post","link":"https:\/\/cidadebaixaonline.com.br\/index.php\/2023\/08\/02\/capitao-alden-reage-a-tentativa-do-pt-em-barrar-rui-costa-de-comparecer-na-cpi-do-mst\/","title":{"rendered":"Capit\u00e3o Alden reage a tentativa do PT em barrar Rui Costa de comparecer na CPI do MST"},"content":{"rendered":"\n<p>Na retomada das atividades da Comiss\u00e3o Parlamentar de Inqu\u00e9rito sobre o Movimento dos Trabalhadores Rurais (CPI do MST), nesta ter\u00e7a-feira (1\u00ba), em Bras\u00edlia, o clima foi marcado por discuss\u00f5es acaloradas entre as bancadas de oposi\u00e7\u00e3o e governista. Com destaque&nbsp;\u00e0 aprova\u00e7\u00e3o da convoca\u00e7\u00e3o do ex-governador da Bahia e titular do Minist\u00e9rio da Casa Civil, Rui Costa, para prestar esclarecimentos.&nbsp;<\/p>\n\n\n\n<p>De acordo com o deputado federal Capit\u00e3o Alden (PL-BA), os parlamentares da base do governo fizeram rod\u00edzio na defesa que n\u00e3o era necess\u00e1ria a convoca\u00e7\u00e3o do ministro, inclusive, tentaram obstruir a vota\u00e7\u00e3o com uma s\u00e9rie de \u201cquest\u00f5es de ordem\u201d, mas os artif\u00edcios n\u00e3o foram o suficiente.&nbsp;<\/p>\n\n\n\n<p>O parlamentar reagiu ao ter conhecimento, na manh\u00e3 desta quarta (2), que o Partido dos Trabalhadores (PT) pretende recorrer \u00e0 Mesa Diretora da C\u00e2mara Federal para barrar a convoca\u00e7\u00e3o do ministro Rui Costa. \u201cEst\u00e1 com medo de qu\u00ea? L\u00e1, o Rui Costa n\u00e3o poder\u00e1 dizer que tamb\u00e9m n\u00e3o leu os relat\u00f3rios da Abin sobre o MST porque n\u00e3o sabia falar ingl\u00eas &#8211; como na situa\u00e7\u00e3o alegada na compra dos respiradores que nunca chegaram &#8211; a popula\u00e7\u00e3o brasileira tem que ter respostas\u201d, disparou Alden.<\/p>\n\n\n\n<p>REQUERIMENTO APROVADO<\/p>\n\n\n\n<p>Durante a reuni\u00e3o ocorrida ontem, o deputado Capit\u00e3o Alden teve seu requerimento aprovado referente a convoca\u00e7\u00e3o para ouvir na qualidade de testemunhas, ex-militantes e ex-membros do MST em projetos de assentamentos e acampamentos localizados no munic\u00edpio de Prado, situado no interior da Bahia.&nbsp;<\/p>\n\n\n\n<p>Vale destacar que o Capit\u00e3o Alden j\u00e1 havia conquistado a aprova\u00e7\u00e3o dos requerimentos para o comparecimento do secret\u00e1rio da SSP-BA, Marcelo Werner, e do comandante-geral da PM-BA, coronel Paulo Coutinho. As datas de cada depoimento dos citados ainda ser\u00e3o definidas<strong>.&nbsp;<\/strong><\/p>\n","protected":false},"excerpt":{"rendered":"<p>Na retomada das atividades da Comiss\u00e3o Parlamentar de Inqu\u00e9rito sobre o Movimento dos Trabalhadores Rurais (CPI do MST), nesta ter\u00e7a-feira (1\u00ba), em Bras\u00edlia, o clima foi marcado por discuss\u00f5es acaloradas entre as bancadas de oposi\u00e7\u00e3o e governista. Com destaque&nbsp;\u00e0 aprova\u00e7\u00e3o da convoca\u00e7\u00e3o do ex-governador da Bahia e titular do Minist\u00e9rio da Casa Civil, Rui Costa, [&hellip;]<\/p>\n","protected":false},"author":2,"featured_media":2377,"comment_status":"open","ping_status":"open","sticky":false,"template":"","format":"standard","meta":{"jnews-multi-image_gallery":[],"jnews_single_post":{"subtitle":"","format":"standard","video":"","gallery":"","source_name":"","source_url":"","via_name":"","via_url":"","override_template":"0","override":[{"template":"1","single_blog_custom":"","parallax":"1","fullscreen":"1","layout":"right-sidebar","sidebar":"default-sidebar","second_sidebar":"default-sidebar","sticky_sidebar":"1","share_position":"top","share_float_style":"share-monocrhome","show_share_counter":"0","show_view_counter":"0","show_featured":"1","show_post_meta":"1","show_post_author":"0","show_post_author_image":"1","show_post_date":"1","post_date_format":"default","post_date_format_custom":"Y\/m\/d","show_post_category":"1","show_post_reading_time":"0","post_reading_time_wpm":"300","show_zoom_button":"0","zoom_button_out_step":"2","zoom_button_in_step":"3","show_post_tag":"1","show_prev_next_post":"1","show_popup_post":"1","number_popup_post":"1","show_author_box":"0","show_post_related":"0","show_inline_post_related":"0"}],"override_image_size":"0","image_override":[{"single_post_thumbnail_size":"no-crop","single_post_gallery_size":"crop-715"}],"trending_post":"0","trending_post_position":"meta","trending_post_label":"Trending","sponsored_post":"0","sponsored_post_label":"Sponsored by","sponsored_post_name":"","sponsored_post_url":"","sponsored_post_logo_enable":"0","sponsored_post_logo":"","sponsored_post_desc":"","disable_ad":"0"},"jnews_primary_category":{"id":"","hide":""},"footnotes":""},"categories":[91],"tags":[],"class_list":["post-2376","post","type-post","status-publish","format-standard","has-post-thumbnail","hentry","category-politica"],"_links":{"self":[{"href":"https:\/\/cidadebaixaonline.com.br\/index.php\/wp-json\/wp\/v2\/posts\/2376","targetHints":{"allow":["GET"]}}],"collection":[{"href":"https:\/\/cidadebaixaonline.com.br\/index.php\/wp-json\/wp\/v2\/posts"}],"about":[{"href":"https:\/\/cidadebaixaonline.com.br\/index.php\/wp-json\/wp\/v2\/types\/post"}],"author":[{"embeddable":true,"href":"https:\/\/cidadebaixaonline.com.br\/index.php\/wp-json\/wp\/v2\/users\/2"}],"replies":[{"embeddable":true,"href":"https:\/\/cidadebaixaonline.com.br\/index.php\/wp-json\/wp\/v2\/comments?post=2376"}],"version-history":[{"count":0,"href":"https:\/\/cidadebaixaonline.com.br\/index.php\/wp-json\/wp\/v2\/posts\/2376\/revisions"}],"wp:featuredmedia":[{"embeddable":true,"href":"https:\/\/cidadebaixaonline.com.br\/index.php\/wp-json\/wp\/v2\/media\/2377"}],"wp:attachment":[{"href":"https:\/\/cidadebaixaonline.com.br\/index.php\/wp-json\/wp\/v2\/media?parent=2376"}],"wp:term":[{"taxonomy":"category","embeddable":true,"href":"https:\/\/cidadebaixaonline.com.br\/index.php\/wp-json\/wp\/v2\/categories?post=2376"},{"taxonomy":"post_tag","embeddable":true,"href":"https:\/\/cidadebaixaonline.com.br\/index.php\/wp-json\/wp\/v2\/tags?post=2376"}],"curies":[{"name":"wp","href":"https:\/\/api.w.org\/{rel}","templated":true}]}}