{"id":2364,"date":"2023-08-02T14:45:18","date_gmt":"2023-08-02T17:45:18","guid":{"rendered":"https:\/\/cidadebaixaonline.com.br\/?p=2364"},"modified":"2023-08-02T14:45:20","modified_gmt":"2023-08-02T17:45:20","slug":"posto-do-inss-no-sac-trabalhista-passa-a-atender-temporariamente-tres-dias-na-semana","status":"publish","type":"post","link":"https:\/\/cidadebaixaonline.com.br\/index.php\/2023\/08\/02\/posto-do-inss-no-sac-trabalhista-passa-a-atender-temporariamente-tres-dias-na-semana\/","title":{"rendered":"Posto do INSS no SAC Trabalhista passa a atender temporariamente tr\u00eas dias na semana"},"content":{"rendered":"\n<p>A partir da pr\u00f3xima segunda-feira (7), o posto do Instituto Nacional da Seguridade Social (INSS) no SAC Trabalhista do Com\u00e9rcio, em Salvador, atender\u00e1 ao p\u00fablico \u00e0s segundas, quartas e sextas-feiras, das 8h \u00e0s 15h. O Tribunal Regional do Trabalho da Bahia (TRT-BA) informa que o esquema \u00e9 tempor\u00e1rio.&nbsp;<\/p>\n\n\n\n<p>O diretor-geral do TRT-BA, Orocil Pedreira Junior, explica que a altera\u00e7\u00e3o no funcionamento do posto do Instituto decorre de transit\u00f3ria dificuldade do INSS em face de d\u00e9ficit de servidores e da impossibilidade de manter estagi\u00e1rios em presta\u00e7\u00e3o de servi\u00e7os fora das suas depend\u00eancias. &#8220;Todos os esfor\u00e7os est\u00e3o sendo feitos por ambas as institui\u00e7\u00f5es para que a retomada do atendimento de segunda a sexta-feira ocorra brevemente&#8221;,&nbsp; finalizou.&nbsp;<\/p>\n\n\n\n<p>O SAC Trabalhista foi inaugurado em agosto do ano passado e, desde ent\u00e3o, o INSS vem prestando diversos servi\u00e7os na unidade, como a emiss\u00e3o de extrato e comprovante previdenci\u00e1rios, prepara\u00e7\u00e3o e instru\u00e7\u00e3o de requerimentos e orienta\u00e7\u00e3o dos servi\u00e7os digitais.&nbsp;<\/p>\n\n\n\n<p>&#8220;O INSS j\u00e1 realizou at\u00e9 o momento 686 atendimentos no TRT-5 e, al\u00e9m disso, sua presen\u00e7a no Sac Trabalhista serve de canal de melhoria da interlocu\u00e7\u00e3o entre as Varas do Trabalho e a institui\u00e7\u00e3o, sobretudo para a encaminhamentos imediatos de quest\u00f5es processuais&#8221;, comenta Pedreira Junior.<\/p>\n","protected":false},"excerpt":{"rendered":"<p>A partir da pr\u00f3xima segunda-feira (7), o posto do Instituto Nacional da Seguridade Social (INSS) no SAC Trabalhista do Com\u00e9rcio, em Salvador, atender\u00e1 ao p\u00fablico \u00e0s segundas, quartas e sextas-feiras, das 8h \u00e0s 15h. O Tribunal Regional do Trabalho da Bahia (TRT-BA) informa que o esquema \u00e9 tempor\u00e1rio.&nbsp; O diretor-geral do TRT-BA, Orocil Pedreira Junior, [&hellip;]<\/p>\n","protected":false},"author":2,"featured_media":2365,"comment_status":"open","ping_status":"open","sticky":false,"template":"","format":"standard","meta":{"jnews-multi-image_gallery":[],"jnews_single_post":{"subtitle":"","format":"standard","video":"","gallery":"","source_name":"","source_url":"","via_name":"","via_url":"","override_template":"0","override":[{"template":"1","single_blog_custom":"","parallax":"1","fullscreen":"1","layout":"right-sidebar","sidebar":"default-sidebar","second_sidebar":"default-sidebar","sticky_sidebar":"1","share_position":"top","share_float_style":"share-monocrhome","show_share_counter":"0","show_view_counter":"0","show_featured":"1","show_post_meta":"1","show_post_author":"0","show_post_author_image":"1","show_post_date":"1","post_date_format":"default","post_date_format_custom":"Y\/m\/d","show_post_category":"1","show_post_reading_time":"0","post_reading_time_wpm":"300","show_zoom_button":"0","zoom_button_out_step":"2","zoom_button_in_step":"3","show_post_tag":"1","show_prev_next_post":"1","show_popup_post":"1","number_popup_post":"1","show_author_box":"0","show_post_related":"0","show_inline_post_related":"0"}],"override_image_size":"0","image_override":[{"single_post_thumbnail_size":"no-crop","single_post_gallery_size":"crop-715"}],"trending_post":"0","trending_post_position":"meta","trending_post_label":"Trending","sponsored_post":"0","sponsored_post_label":"Sponsored by","sponsored_post_name":"","sponsored_post_url":"","sponsored_post_logo_enable":"0","sponsored_post_logo":"","sponsored_post_desc":"","disable_ad":"0"},"jnews_primary_category":{"id":"","hide":""},"footnotes":""},"categories":[90,85],"tags":[],"class_list":["post-2364","post","type-post","status-publish","format-standard","has-post-thumbnail","hentry","category-bahia","category-noticias"],"_links":{"self":[{"href":"https:\/\/cidadebaixaonline.com.br\/index.php\/wp-json\/wp\/v2\/posts\/2364","targetHints":{"allow":["GET"]}}],"collection":[{"href":"https:\/\/cidadebaixaonline.com.br\/index.php\/wp-json\/wp\/v2\/posts"}],"about":[{"href":"https:\/\/cidadebaixaonline.com.br\/index.php\/wp-json\/wp\/v2\/types\/post"}],"author":[{"embeddable":true,"href":"https:\/\/cidadebaixaonline.com.br\/index.php\/wp-json\/wp\/v2\/users\/2"}],"replies":[{"embeddable":true,"href":"https:\/\/cidadebaixaonline.com.br\/index.php\/wp-json\/wp\/v2\/comments?post=2364"}],"version-history":[{"count":0,"href":"https:\/\/cidadebaixaonline.com.br\/index.php\/wp-json\/wp\/v2\/posts\/2364\/revisions"}],"wp:featuredmedia":[{"embeddable":true,"href":"https:\/\/cidadebaixaonline.com.br\/index.php\/wp-json\/wp\/v2\/media\/2365"}],"wp:attachment":[{"href":"https:\/\/cidadebaixaonline.com.br\/index.php\/wp-json\/wp\/v2\/media?parent=2364"}],"wp:term":[{"taxonomy":"category","embeddable":true,"href":"https:\/\/cidadebaixaonline.com.br\/index.php\/wp-json\/wp\/v2\/categories?post=2364"},{"taxonomy":"post_tag","embeddable":true,"href":"https:\/\/cidadebaixaonline.com.br\/index.php\/wp-json\/wp\/v2\/tags?post=2364"}],"curies":[{"name":"wp","href":"https:\/\/api.w.org\/{rel}","templated":true}]}}