{"id":2330,"date":"2023-08-02T13:21:00","date_gmt":"2023-08-02T16:21:00","guid":{"rendered":"https:\/\/cidadebaixaonline.com.br\/?p=2330"},"modified":"2023-08-02T13:21:01","modified_gmt":"2023-08-02T16:21:01","slug":"pf-apreende-passaporte-armas-e-objetos-acima-de-r-10-mil-de-zambelli","status":"publish","type":"post","link":"https:\/\/cidadebaixaonline.com.br\/index.php\/2023\/08\/02\/pf-apreende-passaporte-armas-e-objetos-acima-de-r-10-mil-de-zambelli\/","title":{"rendered":"PF apreende passaporte, armas e objetos acima de R$ 10 mil de Zambelli"},"content":{"rendered":"\n<p>Na decis\u00e3o em que autorizou a opera\u00e7\u00e3o da Pol\u00edcia Federal desta quarta-feira (2) contra a deputada Carla Zambelli (PL-SP), o ministro Alexandre de Moraes, do Supremo Tribunal Federal (STF), determinou, entre outras medidas, a apreens\u00e3o do passaporte, armas e bens acima de R$ 10 mil cuja origem n\u00e3o seja comprovadamente legal. As informa\u00e7\u00f5es s\u00e3o do g1<\/p>\n\n\n\n<p>A TV Globo apurou detalhes do despacho do ministro, que foi assinado nesta ter\u00e7a-feira (1\u00ba). Nesta quarta, a PF prendeu o hacker Walter Delgatti Neto, da &#8220;Vaza Jato&#8221;, e fez buscas e apreens\u00f5es em endere\u00e7os de Carla Zambelli, como o gabinete parlamentar e o apartamento funcional.<\/p>\n\n\n\n<p>A PF investiga a inser\u00e7\u00e3o de alvar\u00e1s de soltura e mandados de pris\u00e3o falsos no Banco Nacional de Monitoramento de Pris\u00f5es (BNMP).<\/p>\n\n\n\n<p>Entre outras medidas contra a deputada, Moraes determinou:<\/p>\n\n\n\n<p>* a apreens\u00e3o de armas, muni\u00e7\u00f5es, computadores, tablets, celulares e outros dispositivos eletr\u00f4nicos, e passaporte<br>* busca e apreens\u00e3o em carros eventualmente encontrados nos endere\u00e7os da deputada e nos arm\u00e1rios de garagem<br>* apreens\u00e3o de dinheiro e bens (joias, ve\u00edculos, obras de arte e outros objetos) em valores superiores a R$ 10 mil, desde que n\u00e3o comprovada cabalmente, no local dos fatos, a origem licita<\/p>\n\n\n\n<p><strong>A opera\u00e7\u00e3o da PF<\/strong><\/p>\n\n\n\n<p>A opera\u00e7\u00e3o desta quarta foi chamada de 3FA. Segundo a PF, o nome faz refer\u00eancia \u00e0 &#8220;autentica\u00e7\u00e3o de dois fatores (2FA), m\u00e9todo de seguran\u00e7a de gerenciamento de identidade e acesso que exige duas formas de identifica\u00e7\u00e3o para acessar recursos e dados&#8221;.<\/p>\n\n\n\n<p>O nome se refere ao fato de os mandados falsos de pris\u00e3o e soltura terem sido inseridos nos bancos de dados do Judici\u00e1rio Federal ap\u00f3s invas\u00e3o dos sistemas, com o uso de credenciais falsas obtidas de forma il\u00edcita.<\/p>\n\n\n\n<p>Segundo as investiga\u00e7\u00f5es, ap\u00f3s invadirem o sistema, o grupo passou a ter acesso remoto aos bancos de dados. Esse acesso foi interrompido ap\u00f3s a descoberta, e medidas foram tomadas para evitar novas invas\u00f5es.<\/p>\n\n\n\n<p>Ainda de acordo com a PF, os fatos investigados &#8220;configuram, em tese, os crimes de invas\u00e3o de dispositivo inform\u00e1tico e falsidade ideol\u00f3gica&#8221;.<\/p>\n\n\n\n<p><strong>O que dizem os envolvidos<\/strong><\/p>\n\n\n\n<p>Em nota, a defesa de Walter Delgatti Neto confirmou a pris\u00e3o do hacker, disse que &#8220;n\u00e3o teve acesso \u00e0 decis\u00e3o&#8221; e que ele est\u00e1 detido na Pol\u00edcia Federal em Araraquara (SP).<\/p>\n\n\n\n<p>A defesa de Carla Zambelli divulgou nota em que confirma as buscas e nega irregularidades da deputada. Leia abaixo:<\/p>\n\n\n\n<p>&#8220;A deputada federal Carla Zambelli confirma a realiza\u00e7\u00e3o de mandados de busca e apreens\u00e3o em seus endere\u00e7os nesta quarta-feira. A medida foi recebida com surpresa, porque a Deputada peticionou, atrav\u00e9s de seu advogado constitu\u00eddo, o Dr. Daniel Bialski, colocando-se \u00e0 disposi\u00e7\u00e3o para prestar todas informa\u00e7\u00f5es necess\u00e1rias e em nenhum momento a parlamentar deixou de cooperar com as autoridades. Respeita-se a decis\u00e3o judicial, contudo, refuta-se a suspeita que tenha participado de qualquer ato il\u00edcito. Por fim, a Deputada Carla Zambelli aguardar\u00e1, com tranquilidade, o desfecho das investiga\u00e7\u00f5es e a demonstra\u00e7\u00e3o de sua inoc\u00eancia.&#8221;<br>&nbsp;<\/p>\n","protected":false},"excerpt":{"rendered":"<p>Na decis\u00e3o em que autorizou a opera\u00e7\u00e3o da Pol\u00edcia Federal desta quarta-feira (2) contra a deputada Carla Zambelli (PL-SP), o ministro Alexandre de Moraes, do Supremo Tribunal Federal (STF), determinou, entre outras medidas, a apreens\u00e3o do passaporte, armas e bens acima de R$ 10 mil cuja origem n\u00e3o seja comprovadamente legal. As informa\u00e7\u00f5es s\u00e3o do [&hellip;]<\/p>\n","protected":false},"author":2,"featured_media":2331,"comment_status":"open","ping_status":"open","sticky":false,"template":"","format":"standard","meta":{"jnews-multi-image_gallery":[],"jnews_single_post":{"subtitle":"","format":"standard","video":"","gallery":"","source_name":"","source_url":"","via_name":"","via_url":"","override_template":"0","override":[{"template":"1","single_blog_custom":"","parallax":"1","fullscreen":"1","layout":"right-sidebar","sidebar":"default-sidebar","second_sidebar":"default-sidebar","sticky_sidebar":"1","share_position":"top","share_float_style":"share-monocrhome","show_share_counter":"0","show_view_counter":"0","show_featured":"1","show_post_meta":"1","show_post_author":"0","show_post_author_image":"1","show_post_date":"1","post_date_format":"default","post_date_format_custom":"Y\/m\/d","show_post_category":"1","show_post_reading_time":"0","post_reading_time_wpm":"300","show_zoom_button":"0","zoom_button_out_step":"2","zoom_button_in_step":"3","show_post_tag":"1","show_prev_next_post":"1","show_popup_post":"1","number_popup_post":"1","show_author_box":"0","show_post_related":"0","show_inline_post_related":"0"}],"override_image_size":"0","image_override":[{"single_post_thumbnail_size":"no-crop","single_post_gallery_size":"crop-715"}],"trending_post":"0","trending_post_position":"meta","trending_post_label":"Trending","sponsored_post":"0","sponsored_post_label":"Sponsored by","sponsored_post_name":"","sponsored_post_url":"","sponsored_post_logo_enable":"0","sponsored_post_logo":"","sponsored_post_desc":"","disable_ad":"0"},"jnews_primary_category":{"id":"","hide":""},"footnotes":""},"categories":[85,91],"tags":[],"class_list":["post-2330","post","type-post","status-publish","format-standard","has-post-thumbnail","hentry","category-noticias","category-politica"],"_links":{"self":[{"href":"https:\/\/cidadebaixaonline.com.br\/index.php\/wp-json\/wp\/v2\/posts\/2330","targetHints":{"allow":["GET"]}}],"collection":[{"href":"https:\/\/cidadebaixaonline.com.br\/index.php\/wp-json\/wp\/v2\/posts"}],"about":[{"href":"https:\/\/cidadebaixaonline.com.br\/index.php\/wp-json\/wp\/v2\/types\/post"}],"author":[{"embeddable":true,"href":"https:\/\/cidadebaixaonline.com.br\/index.php\/wp-json\/wp\/v2\/users\/2"}],"replies":[{"embeddable":true,"href":"https:\/\/cidadebaixaonline.com.br\/index.php\/wp-json\/wp\/v2\/comments?post=2330"}],"version-history":[{"count":0,"href":"https:\/\/cidadebaixaonline.com.br\/index.php\/wp-json\/wp\/v2\/posts\/2330\/revisions"}],"wp:featuredmedia":[{"embeddable":true,"href":"https:\/\/cidadebaixaonline.com.br\/index.php\/wp-json\/wp\/v2\/media\/2331"}],"wp:attachment":[{"href":"https:\/\/cidadebaixaonline.com.br\/index.php\/wp-json\/wp\/v2\/media?parent=2330"}],"wp:term":[{"taxonomy":"category","embeddable":true,"href":"https:\/\/cidadebaixaonline.com.br\/index.php\/wp-json\/wp\/v2\/categories?post=2330"},{"taxonomy":"post_tag","embeddable":true,"href":"https:\/\/cidadebaixaonline.com.br\/index.php\/wp-json\/wp\/v2\/tags?post=2330"}],"curies":[{"name":"wp","href":"https:\/\/api.w.org\/{rel}","templated":true}]}}