{"id":2321,"date":"2023-08-02T11:46:48","date_gmt":"2023-08-02T14:46:48","guid":{"rendered":"https:\/\/cidadebaixaonline.com.br\/?p=2321"},"modified":"2023-08-02T11:46:50","modified_gmt":"2023-08-02T14:46:50","slug":"pf-faz-buscas-em-enderecos-de-carla-zambelli-hacker-da-vaza-jato-e-preso","status":"publish","type":"post","link":"https:\/\/cidadebaixaonline.com.br\/index.php\/2023\/08\/02\/pf-faz-buscas-em-enderecos-de-carla-zambelli-hacker-da-vaza-jato-e-preso\/","title":{"rendered":"PF faz buscas em endere\u00e7os de Carla Zambelli; hacker da &#8216;vaza jato&#8217; \u00e9 preso"},"content":{"rendered":"\n<p>A Pol\u00edcia Federal prendeu o hacker Walter Delgatti Neto, ap\u00f3s uma opera\u00e7\u00e3o nesta quarta-feira (2). Ele \u00e9 conhecido por ter dado origem \u00e0 chamada &#8220;Vaza Jato&#8221; ao invadir telefones de autoridades envolvidas com a opera\u00e7\u00e3o Lava Jato. A informa\u00e7\u00e3o \u00e9 da jornalista Andr\u00e9ia Sadi.<\/p>\n\n\n\n<p>A PF tamb\u00e9m cumpriu mandados de busca e apreens\u00e3o contra a deputada federal Carla Zambelli (PL-SP), no apartamento e no gabinete dela. A opera\u00e7\u00e3o foi autorizada pelo ministro do Supremo Tribunal Federal (STF) Alexandre de Moraes, que tamb\u00e9m determinou apreender o passaporte da parlamentar e dinheiro e bens acima de R$ 10 mil.<\/p>\n\n\n\n<p>O advogado de Walter Delgatti Neto confirmou a pris\u00e3o e informou que ele est\u00e1 detido em Araraquara, no interior de S\u00e3o Paulo. A defesa disse que n\u00e3o teve acesso \u00e0 decis\u00e3o e que s\u00f3 autoriza depoimento do cliente se tamb\u00e9m estiver presente.<\/p>\n\n\n\n<p>Oficialmente, a Pol\u00edcia Federal divulgou que foram cumpridos cinco mandados de busca e apreens\u00e3o (tr\u00eas no DF, dois em SP) e um mandado de pris\u00e3o preventiva.<\/p>\n\n\n\n<p>Na a\u00e7\u00e3o, a PF tenta obter mais informa\u00e7\u00f5es sobre a inser\u00e7\u00e3o de alvar\u00e1s de soltura e mandados de pris\u00e3o falsos no Banco Nacional de Monitoramento de Pris\u00f5es.<\/p>\n\n\n\n<p>Os documentos forjados inclu\u00edam um mandado de pris\u00e3o falso contra o ministro do Supremo Tribunal Federal (STF) Alexandre de Moraes. No of\u00edcio, havia inclusive a frase &#8220;faz o L&#8221; \u2013 um dos slogans da campanha eleitoral mais recente do presidente Luiz In\u00e1cio Lula da Silva (PT).<\/p>\n\n\n\n<p>&#8220;Os crimes apurados ocorreram entre os dias 4 e 6 de janeiro de 2023, quando teriam sido inseridos no sistema do CNJ e, possivelmente, de outros tribunais do Brasil, 11 alvar\u00e1s de soltura de indiv\u00edduos presos por motivos diversos e um mandado de pris\u00e3o falso em desfavor do ministro do Supremo Tribunal Federal Alexandre de Moraes&#8221;, diz material da Pol\u00edcia Federal.<\/p>\n\n\n\n<p>O ministro da Justi\u00e7a, Fl\u00e1vio Dino, comentou a opera\u00e7\u00e3o em uma rede social.<\/p>\n\n\n\n<p>&#8220;Em prosseguimento \u00e0s a\u00e7\u00f5es em defesa da Constitui\u00e7\u00e3o e da ordem jur\u00eddica, a Pol\u00edcia Federal est\u00e1 cumprindo mandados judiciais relativos a invas\u00f5es ou tentativas de invas\u00f5es de sistemas informatizados do Poder Judici\u00e1rio da Uni\u00e3o, no contexto dos ataques \u00e0s institui\u00e7\u00f5es&#8221;, escreveu.<\/p>\n","protected":false},"excerpt":{"rendered":"<p>A Pol\u00edcia Federal prendeu o hacker Walter Delgatti Neto, ap\u00f3s uma opera\u00e7\u00e3o nesta quarta-feira (2). Ele \u00e9 conhecido por ter dado origem \u00e0 chamada &#8220;Vaza Jato&#8221; ao invadir telefones de autoridades envolvidas com a opera\u00e7\u00e3o Lava Jato. A informa\u00e7\u00e3o \u00e9 da jornalista Andr\u00e9ia Sadi. A PF tamb\u00e9m cumpriu mandados de busca e apreens\u00e3o contra a [&hellip;]<\/p>\n","protected":false},"author":2,"featured_media":2322,"comment_status":"open","ping_status":"open","sticky":false,"template":"","format":"standard","meta":{"jnews-multi-image_gallery":[],"jnews_single_post":{"subtitle":"","format":"standard","video":"","gallery":"","source_name":"","source_url":"","via_name":"","via_url":"","override_template":"0","override":[{"template":"1","single_blog_custom":"","parallax":"1","fullscreen":"1","layout":"right-sidebar","sidebar":"default-sidebar","second_sidebar":"default-sidebar","sticky_sidebar":"1","share_position":"top","share_float_style":"share-monocrhome","show_share_counter":"0","show_view_counter":"0","show_featured":"1","show_post_meta":"1","show_post_author":"0","show_post_author_image":"1","show_post_date":"1","post_date_format":"default","post_date_format_custom":"Y\/m\/d","show_post_category":"1","show_post_reading_time":"0","post_reading_time_wpm":"300","show_zoom_button":"0","zoom_button_out_step":"2","zoom_button_in_step":"3","show_post_tag":"1","show_prev_next_post":"1","show_popup_post":"1","number_popup_post":"1","show_author_box":"0","show_post_related":"0","show_inline_post_related":"0"}],"override_image_size":"0","image_override":[{"single_post_thumbnail_size":"no-crop","single_post_gallery_size":"crop-715"}],"trending_post":"0","trending_post_position":"meta","trending_post_label":"Trending","sponsored_post":"0","sponsored_post_label":"Sponsored by","sponsored_post_name":"","sponsored_post_url":"","sponsored_post_logo_enable":"0","sponsored_post_logo":"","sponsored_post_desc":"","disable_ad":"0"},"jnews_primary_category":{"id":"","hide":""},"footnotes":""},"categories":[85,91],"tags":[],"class_list":["post-2321","post","type-post","status-publish","format-standard","has-post-thumbnail","hentry","category-noticias","category-politica"],"_links":{"self":[{"href":"https:\/\/cidadebaixaonline.com.br\/index.php\/wp-json\/wp\/v2\/posts\/2321","targetHints":{"allow":["GET"]}}],"collection":[{"href":"https:\/\/cidadebaixaonline.com.br\/index.php\/wp-json\/wp\/v2\/posts"}],"about":[{"href":"https:\/\/cidadebaixaonline.com.br\/index.php\/wp-json\/wp\/v2\/types\/post"}],"author":[{"embeddable":true,"href":"https:\/\/cidadebaixaonline.com.br\/index.php\/wp-json\/wp\/v2\/users\/2"}],"replies":[{"embeddable":true,"href":"https:\/\/cidadebaixaonline.com.br\/index.php\/wp-json\/wp\/v2\/comments?post=2321"}],"version-history":[{"count":0,"href":"https:\/\/cidadebaixaonline.com.br\/index.php\/wp-json\/wp\/v2\/posts\/2321\/revisions"}],"wp:featuredmedia":[{"embeddable":true,"href":"https:\/\/cidadebaixaonline.com.br\/index.php\/wp-json\/wp\/v2\/media\/2322"}],"wp:attachment":[{"href":"https:\/\/cidadebaixaonline.com.br\/index.php\/wp-json\/wp\/v2\/media?parent=2321"}],"wp:term":[{"taxonomy":"category","embeddable":true,"href":"https:\/\/cidadebaixaonline.com.br\/index.php\/wp-json\/wp\/v2\/categories?post=2321"},{"taxonomy":"post_tag","embeddable":true,"href":"https:\/\/cidadebaixaonline.com.br\/index.php\/wp-json\/wp\/v2\/tags?post=2321"}],"curies":[{"name":"wp","href":"https:\/\/api.w.org\/{rel}","templated":true}]}}