{"id":2315,"date":"2023-08-02T11:34:14","date_gmt":"2023-08-02T14:34:14","guid":{"rendered":"https:\/\/cidadebaixaonline.com.br\/?p=2315"},"modified":"2023-08-02T11:34:16","modified_gmt":"2023-08-02T14:34:16","slug":"lula-lamenta-derrota-da-selecao-feminina-na-copa","status":"publish","type":"post","link":"https:\/\/cidadebaixaonline.com.br\/index.php\/2023\/08\/02\/lula-lamenta-derrota-da-selecao-feminina-na-copa\/","title":{"rendered":"Lula lamenta derrota da sele\u00e7\u00e3o feminina na Copa"},"content":{"rendered":"\n<p>O presidente Lula (PT) usou as redes sociais na manh\u00e3 desta quarta-feira (02) para lamentar a derrota da sele\u00e7\u00e3o feminina de futebol na Copa do Mundo.<\/p>\n\n\n\n<p>No Twitter, o petista compartilhou uma publica\u00e7\u00e3o de Janja e ressaltou a import\u00e2ncia de seguir investindo no futebol feminino. \u201cInfelizmente a sele\u00e7\u00e3o feminina n\u00e3o se classificou para as oitavas de final da Copa. O Brasil torceu at\u00e9 o \u00faltimo segundo. Agora \u00e9 seguir investindo ainda mais no futebol feminino. Valeu pela garra\u201d, escreveu o presidente.<\/p>\n\n\n\n<figure class=\"wp-block-embed is-type-rich is-provider-twitter wp-block-embed-twitter\"><div class=\"wp-block-embed__wrapper\">\n<blockquote class=\"twitter-tweet\" data-width=\"500\" data-dnt=\"true\"><p lang=\"pt\" dir=\"ltr\">Infelizmente a sele\u00e7\u00e3o feminina n\u00e3o se classificou para as oitavas de final da Copa. O Brasil torceu at\u00e9 o \u00faltimo segundo. Agora \u00e9 seguir investindo ainda mais no futebol feminino. Valeu pela garra. <a href=\"https:\/\/t.co\/aaro1QghHy\">https:\/\/t.co\/aaro1QghHy<\/a><\/p>&mdash; Lula (@LulaOficial) <a href=\"https:\/\/twitter.com\/LulaOficial\/status\/1686712957751726080?ref_src=twsrc%5Etfw\">August 2, 2023<\/a><\/blockquote><script async src=\"https:\/\/platform.twitter.com\/widgets.js\" charset=\"utf-8\"><\/script>\n<\/div><\/figure>\n\n\n\n<p>A Sele\u00e7\u00e3o Brasileira&nbsp;empatou com a Jamaica, por 0x0, pela \u00faltima rodada da fase de grupos e caiu na primeira fase da Copa do Mundo Feminina. Com o resultado, o Brasil terminou em terceiro no Grupo F da competi\u00e7\u00e3o. A Fran\u00e7a e a Jamaica se classificaram em primeiro e segundo, respectivamente.<\/p>\n\n\n\n<p>Pouco inspirada, a Sele\u00e7\u00e3o Brasileira teve poucas chances de gol na partida. Apesar de finalizar 15 vezes, apenas seis foram no gol. A goleira jamaicana quase n\u00e3o trabalhou na partida inteira.<\/p>\n","protected":false},"excerpt":{"rendered":"<p>O presidente Lula (PT) usou as redes sociais na manh\u00e3 desta quarta-feira (02) para lamentar a derrota da sele\u00e7\u00e3o feminina de futebol na Copa do Mundo. No Twitter, o petista compartilhou uma publica\u00e7\u00e3o de Janja e ressaltou a import\u00e2ncia de seguir investindo no futebol feminino. \u201cInfelizmente a sele\u00e7\u00e3o feminina n\u00e3o se classificou para as oitavas [&hellip;]<\/p>\n","protected":false},"author":2,"featured_media":2316,"comment_status":"open","ping_status":"open","sticky":false,"template":"","format":"standard","meta":{"jnews-multi-image_gallery":[],"jnews_single_post":{"subtitle":"","format":"standard","video":"","gallery":"","source_name":"","source_url":"","via_name":"","via_url":"","override_template":"0","override":[{"template":"1","single_blog_custom":"","parallax":"1","fullscreen":"1","layout":"right-sidebar","sidebar":"default-sidebar","second_sidebar":"default-sidebar","sticky_sidebar":"1","share_position":"top","share_float_style":"share-monocrhome","show_share_counter":"0","show_view_counter":"0","show_featured":"1","show_post_meta":"1","show_post_author":"0","show_post_author_image":"1","show_post_date":"1","post_date_format":"default","post_date_format_custom":"Y\/m\/d","show_post_category":"1","show_post_reading_time":"0","post_reading_time_wpm":"300","show_zoom_button":"0","zoom_button_out_step":"2","zoom_button_in_step":"3","show_post_tag":"1","show_prev_next_post":"1","show_popup_post":"1","number_popup_post":"1","show_author_box":"0","show_post_related":"0","show_inline_post_related":"0"}],"override_image_size":"0","image_override":[{"single_post_thumbnail_size":"no-crop","single_post_gallery_size":"crop-715"}],"trending_post":"0","trending_post_position":"meta","trending_post_label":"Trending","sponsored_post":"0","sponsored_post_label":"Sponsored by","sponsored_post_name":"","sponsored_post_url":"","sponsored_post_logo_enable":"0","sponsored_post_logo":"","sponsored_post_desc":"","disable_ad":"0"},"jnews_primary_category":{"id":"","hide":""},"footnotes":""},"categories":[89,85],"tags":[],"class_list":["post-2315","post","type-post","status-publish","format-standard","has-post-thumbnail","hentry","category-esportes","category-noticias"],"_links":{"self":[{"href":"https:\/\/cidadebaixaonline.com.br\/index.php\/wp-json\/wp\/v2\/posts\/2315","targetHints":{"allow":["GET"]}}],"collection":[{"href":"https:\/\/cidadebaixaonline.com.br\/index.php\/wp-json\/wp\/v2\/posts"}],"about":[{"href":"https:\/\/cidadebaixaonline.com.br\/index.php\/wp-json\/wp\/v2\/types\/post"}],"author":[{"embeddable":true,"href":"https:\/\/cidadebaixaonline.com.br\/index.php\/wp-json\/wp\/v2\/users\/2"}],"replies":[{"embeddable":true,"href":"https:\/\/cidadebaixaonline.com.br\/index.php\/wp-json\/wp\/v2\/comments?post=2315"}],"version-history":[{"count":0,"href":"https:\/\/cidadebaixaonline.com.br\/index.php\/wp-json\/wp\/v2\/posts\/2315\/revisions"}],"wp:featuredmedia":[{"embeddable":true,"href":"https:\/\/cidadebaixaonline.com.br\/index.php\/wp-json\/wp\/v2\/media\/2316"}],"wp:attachment":[{"href":"https:\/\/cidadebaixaonline.com.br\/index.php\/wp-json\/wp\/v2\/media?parent=2315"}],"wp:term":[{"taxonomy":"category","embeddable":true,"href":"https:\/\/cidadebaixaonline.com.br\/index.php\/wp-json\/wp\/v2\/categories?post=2315"},{"taxonomy":"post_tag","embeddable":true,"href":"https:\/\/cidadebaixaonline.com.br\/index.php\/wp-json\/wp\/v2\/tags?post=2315"}],"curies":[{"name":"wp","href":"https:\/\/api.w.org\/{rel}","templated":true}]}}