{"id":2291,"date":"2023-08-02T11:01:41","date_gmt":"2023-08-02T14:01:41","guid":{"rendered":"https:\/\/cidadebaixaonline.com.br\/?p=2291"},"modified":"2023-08-02T11:01:43","modified_gmt":"2023-08-02T14:01:43","slug":"cpi-aprova-convocacao-do-ministro-rui-costa-para-explicar-invasoes-do-mst","status":"publish","type":"post","link":"https:\/\/cidadebaixaonline.com.br\/index.php\/2023\/08\/02\/cpi-aprova-convocacao-do-ministro-rui-costa-para-explicar-invasoes-do-mst\/","title":{"rendered":"CPI aprova convoca\u00e7\u00e3o do ministro Rui Costa para explicar invas\u00f5es do MST"},"content":{"rendered":"\n<p>O ministro da Casa Civil, Rui Costa, foi convocado para prestar depoimento na CPI do Movimento dos Trabalhadores Rurais Sem Terra (MST). O requerimento aprovado pela comiss\u00e3o justifica a convoca\u00e7\u00e3o para que o chefe da Casa Civil preste esclarecimentos sobre a sua atua\u00e7\u00e3o com rela\u00e7\u00e3o ao movimento, tanto como ministro, quanto como governador da Bahia.<\/p>\n\n\n\n<p>O requerimento aprovado foi apresentado pelo relator da CPI, deputado Ricardo Salles (PL-SP). O parlamentar defendeu a convoca\u00e7\u00e3o do ministro para que ele tamb\u00e9m preste esclarecimentos sobre a atua\u00e7\u00e3o da Ag\u00eancia Brasileira de Intelig\u00eancia (Abin), sob o comando da Casa Civil, em rela\u00e7\u00e3o ao MST.<\/p>\n\n\n\n<p>A mais recente ocupa\u00e7\u00e3o do movimento ocorreu no in\u00edcio desta semana, quando o MST invadiu o terreno da Embrapa para impedir o Semi\u00e1rido Show \u2013 feira do agroneg\u00f3cio marcado para come\u00e7ar nesta ter\u00e7a-feira (1\u00ba) em Petrolina (PE).<\/p>\n\n\n\n<p>De acordo com o MST, a atitude foi uma rea\u00e7\u00e3o \u00e0 gest\u00e3o de Lula (PT). O movimento cobra o Minist\u00e9rio do Desenvolvimento Agr\u00e1rio por n\u00e3o cumprir a promessa de assentar 1.550 fam\u00edlias, o que teria sido acordado em abril.<\/p>\n\n\n\n<p>As recentes investidas do movimento t\u00eam gerado problemas ao presidente Lula, o governo tem sido cobrado por advers\u00e1rios a se manifestar sobre o assunto. Al\u00e9m disso, alguns integrantes do governo entendem que a falta de posicionamento d\u00e1 muni\u00e7\u00e3o para a CPI, dominada pela oposi\u00e7\u00e3o, e dificulta a rela\u00e7\u00e3o com os representantes do agroneg\u00f3cio.<\/p>\n\n\n\n<p>\u201cEssa invas\u00e3o demonstra, mais uma vez, que a vers\u00e3o de que eles s\u00f3 invadem \u00e1rea improdutiva \u00e9 balela\u201d, afirmou Salles.<\/p>\n\n\n\n<p>O Minist\u00e9rio do Desenvolvimento Agr\u00e1rio afirmou na segunda-feira (31), em nota, que o ministro Paulo Teixeira iria \u00e0 feira da Embrapa para tratar \u201cin loco das quest\u00f5es agr\u00e1rias de Petrolina\u201d. \u201cDesde abril, o Governo Federal, por meio de um grupo de trabalho, tem atuado para atender \u00e0s demandas dos movimentos\u201d, diz a nota.<\/p>\n","protected":false},"excerpt":{"rendered":"<p>O ministro da Casa Civil, Rui Costa, foi convocado para prestar depoimento na CPI do Movimento dos Trabalhadores Rurais Sem Terra (MST). O requerimento aprovado pela comiss\u00e3o justifica a convoca\u00e7\u00e3o para que o chefe da Casa Civil preste esclarecimentos sobre a sua atua\u00e7\u00e3o com rela\u00e7\u00e3o ao movimento, tanto como ministro, quanto como governador da Bahia. [&hellip;]<\/p>\n","protected":false},"author":2,"featured_media":2292,"comment_status":"open","ping_status":"open","sticky":false,"template":"","format":"standard","meta":{"jnews-multi-image_gallery":[],"jnews_single_post":{"subtitle":"","format":"standard","video":"","gallery":"","source_name":"","source_url":"","via_name":"","via_url":"","override_template":"0","override":[{"template":"1","single_blog_custom":"","parallax":"1","fullscreen":"1","layout":"right-sidebar","sidebar":"default-sidebar","second_sidebar":"default-sidebar","sticky_sidebar":"1","share_position":"top","share_float_style":"share-monocrhome","show_share_counter":"0","show_view_counter":"0","show_featured":"1","show_post_meta":"1","show_post_author":"0","show_post_author_image":"1","show_post_date":"1","post_date_format":"default","post_date_format_custom":"Y\/m\/d","show_post_category":"1","show_post_reading_time":"0","post_reading_time_wpm":"300","show_zoom_button":"0","zoom_button_out_step":"2","zoom_button_in_step":"3","show_post_tag":"1","show_prev_next_post":"1","show_popup_post":"1","number_popup_post":"1","show_author_box":"0","show_post_related":"0","show_inline_post_related":"0"}],"override_image_size":"0","image_override":[{"single_post_thumbnail_size":"no-crop","single_post_gallery_size":"crop-715"}],"trending_post":"0","trending_post_position":"meta","trending_post_label":"Trending","sponsored_post":"0","sponsored_post_label":"Sponsored by","sponsored_post_name":"","sponsored_post_url":"","sponsored_post_logo_enable":"0","sponsored_post_logo":"","sponsored_post_desc":"","disable_ad":"0"},"jnews_primary_category":{"id":"","hide":""},"footnotes":""},"categories":[85,91],"tags":[],"class_list":["post-2291","post","type-post","status-publish","format-standard","has-post-thumbnail","hentry","category-noticias","category-politica"],"_links":{"self":[{"href":"https:\/\/cidadebaixaonline.com.br\/index.php\/wp-json\/wp\/v2\/posts\/2291","targetHints":{"allow":["GET"]}}],"collection":[{"href":"https:\/\/cidadebaixaonline.com.br\/index.php\/wp-json\/wp\/v2\/posts"}],"about":[{"href":"https:\/\/cidadebaixaonline.com.br\/index.php\/wp-json\/wp\/v2\/types\/post"}],"author":[{"embeddable":true,"href":"https:\/\/cidadebaixaonline.com.br\/index.php\/wp-json\/wp\/v2\/users\/2"}],"replies":[{"embeddable":true,"href":"https:\/\/cidadebaixaonline.com.br\/index.php\/wp-json\/wp\/v2\/comments?post=2291"}],"version-history":[{"count":0,"href":"https:\/\/cidadebaixaonline.com.br\/index.php\/wp-json\/wp\/v2\/posts\/2291\/revisions"}],"wp:featuredmedia":[{"embeddable":true,"href":"https:\/\/cidadebaixaonline.com.br\/index.php\/wp-json\/wp\/v2\/media\/2292"}],"wp:attachment":[{"href":"https:\/\/cidadebaixaonline.com.br\/index.php\/wp-json\/wp\/v2\/media?parent=2291"}],"wp:term":[{"taxonomy":"category","embeddable":true,"href":"https:\/\/cidadebaixaonline.com.br\/index.php\/wp-json\/wp\/v2\/categories?post=2291"},{"taxonomy":"post_tag","embeddable":true,"href":"https:\/\/cidadebaixaonline.com.br\/index.php\/wp-json\/wp\/v2\/tags?post=2291"}],"curies":[{"name":"wp","href":"https:\/\/api.w.org\/{rel}","templated":true}]}}