{"id":2279,"date":"2023-08-02T10:42:15","date_gmt":"2023-08-02T13:42:15","guid":{"rendered":"https:\/\/cidadebaixaonline.com.br\/?p=2279"},"modified":"2023-08-02T10:42:17","modified_gmt":"2023-08-02T13:42:17","slug":"mp-investigara-mortes-durante-acoes-policiais-em-salvador-camacari-e-itatim","status":"publish","type":"post","link":"https:\/\/cidadebaixaonline.com.br\/index.php\/2023\/08\/02\/mp-investigara-mortes-durante-acoes-policiais-em-salvador-camacari-e-itatim\/","title":{"rendered":"MP investigar\u00e1 mortes durante a\u00e7\u00f5es policiais em Salvador, Cama\u00e7ari e Itatim"},"content":{"rendered":"\n<p>O Minist\u00e9rio P\u00fablico estadual abriu investiga\u00e7\u00f5es para apurar as circunst\u00e2ncias das mortes registradas entre o dia 28 a 31 de julho, durante a\u00e7\u00f5es policiais ocorridas nos munic\u00edpios de Salvador, Cama\u00e7ari e Itatim.&nbsp;<\/p>\n\n\n\n<p>Nesta ter\u00e7a-feira (1), a atua\u00e7\u00e3o do MP quanto aos fatos foi discutida durante reuni\u00e3o entre a procuradora-geral de Justi\u00e7a Norma Cavalcanti, a PGJ Adjunta para Assuntos Jur\u00eddicos Wanda Valbiraci, e os promotores de justi\u00e7a Andr\u00e9 Lavigne e Lu\u00eds Alberto Pereira, respectivamente, coordenadores dos Centros de Apoio Operacional Criminal (Caocrim) e de Seguran\u00e7a P\u00fablica (Ceosp).<\/p>\n\n\n\n<p>As investiga\u00e7\u00f5es ser\u00e3o conduzidas pelo Grupo de Atua\u00e7\u00e3o Especial Operacional de Seguran\u00e7a P\u00fablica (Geosp), em conjunto com os promotores de Justi\u00e7a criminais das respectivas comarcas. O MP tamb\u00e9m acompanhar\u00e1 o andamento dos inqu\u00e9ritos policiais instaurados na Pol\u00edcia Civil para apura\u00e7\u00e3o dos fatos.<\/p>\n","protected":false},"excerpt":{"rendered":"<p>O Minist\u00e9rio P\u00fablico estadual abriu investiga\u00e7\u00f5es para apurar as circunst\u00e2ncias das mortes registradas entre o dia 28 a 31 de julho, durante a\u00e7\u00f5es policiais ocorridas nos munic\u00edpios de Salvador, Cama\u00e7ari e Itatim.&nbsp; Nesta ter\u00e7a-feira (1), a atua\u00e7\u00e3o do MP quanto aos fatos foi discutida durante reuni\u00e3o entre a procuradora-geral de Justi\u00e7a Norma Cavalcanti, a PGJ [&hellip;]<\/p>\n","protected":false},"author":2,"featured_media":2280,"comment_status":"open","ping_status":"open","sticky":false,"template":"","format":"standard","meta":{"jnews-multi-image_gallery":[],"jnews_single_post":{"subtitle":"","format":"standard","video":"","gallery":"","source_name":"","source_url":"","via_name":"","via_url":"","override_template":"0","override":[{"template":"1","single_blog_custom":"","parallax":"1","fullscreen":"1","layout":"right-sidebar","sidebar":"default-sidebar","second_sidebar":"default-sidebar","sticky_sidebar":"1","share_position":"top","share_float_style":"share-monocrhome","show_share_counter":"0","show_view_counter":"0","show_featured":"1","show_post_meta":"1","show_post_author":"0","show_post_author_image":"1","show_post_date":"1","post_date_format":"default","post_date_format_custom":"Y\/m\/d","show_post_category":"1","show_post_reading_time":"0","post_reading_time_wpm":"300","show_zoom_button":"0","zoom_button_out_step":"2","zoom_button_in_step":"3","show_post_tag":"1","show_prev_next_post":"1","show_popup_post":"1","number_popup_post":"1","show_author_box":"0","show_post_related":"0","show_inline_post_related":"0"}],"override_image_size":"0","image_override":[{"single_post_thumbnail_size":"no-crop","single_post_gallery_size":"crop-715"}],"trending_post":"0","trending_post_position":"meta","trending_post_label":"Trending","sponsored_post":"0","sponsored_post_label":"Sponsored by","sponsored_post_name":"","sponsored_post_url":"","sponsored_post_logo_enable":"0","sponsored_post_logo":"","sponsored_post_desc":"","disable_ad":"0"},"jnews_primary_category":{"id":"","hide":""},"footnotes":""},"categories":[85,83],"tags":[],"class_list":["post-2279","post","type-post","status-publish","format-standard","has-post-thumbnail","hentry","category-noticias","category-seguranca"],"_links":{"self":[{"href":"https:\/\/cidadebaixaonline.com.br\/index.php\/wp-json\/wp\/v2\/posts\/2279","targetHints":{"allow":["GET"]}}],"collection":[{"href":"https:\/\/cidadebaixaonline.com.br\/index.php\/wp-json\/wp\/v2\/posts"}],"about":[{"href":"https:\/\/cidadebaixaonline.com.br\/index.php\/wp-json\/wp\/v2\/types\/post"}],"author":[{"embeddable":true,"href":"https:\/\/cidadebaixaonline.com.br\/index.php\/wp-json\/wp\/v2\/users\/2"}],"replies":[{"embeddable":true,"href":"https:\/\/cidadebaixaonline.com.br\/index.php\/wp-json\/wp\/v2\/comments?post=2279"}],"version-history":[{"count":0,"href":"https:\/\/cidadebaixaonline.com.br\/index.php\/wp-json\/wp\/v2\/posts\/2279\/revisions"}],"wp:featuredmedia":[{"embeddable":true,"href":"https:\/\/cidadebaixaonline.com.br\/index.php\/wp-json\/wp\/v2\/media\/2280"}],"wp:attachment":[{"href":"https:\/\/cidadebaixaonline.com.br\/index.php\/wp-json\/wp\/v2\/media?parent=2279"}],"wp:term":[{"taxonomy":"category","embeddable":true,"href":"https:\/\/cidadebaixaonline.com.br\/index.php\/wp-json\/wp\/v2\/categories?post=2279"},{"taxonomy":"post_tag","embeddable":true,"href":"https:\/\/cidadebaixaonline.com.br\/index.php\/wp-json\/wp\/v2\/tags?post=2279"}],"curies":[{"name":"wp","href":"https:\/\/api.w.org\/{rel}","templated":true}]}}