{"id":2276,"date":"2023-08-02T10:40:43","date_gmt":"2023-08-02T13:40:43","guid":{"rendered":"https:\/\/cidadebaixaonline.com.br\/?p=2276"},"modified":"2023-08-02T10:40:45","modified_gmt":"2023-08-02T13:40:45","slug":"moradores-de-alto-da-terezinha-e-regiao-recebem-saude-nos-bairros-nesta-quarta","status":"publish","type":"post","link":"https:\/\/cidadebaixaonline.com.br\/index.php\/2023\/08\/02\/moradores-de-alto-da-terezinha-e-regiao-recebem-saude-nos-bairros-nesta-quarta\/","title":{"rendered":"Moradores de Alto da Terezinha e regi\u00e3o recebem Sa\u00fade nos Bairros nesta quarta"},"content":{"rendered":"\n<p>O programa Sa\u00fade nos Bairros realiza atividades nesta quarta-feira (2), no bairro de Alto da Terezinha, sub\u00farbio ferrovi\u00e1rio de Salvador.As a\u00e7\u00f5es acontecem a partir das 8h, na Rua Bela Vista. A vice-prefeita e secret\u00e1ria Ana Paula Matos est\u00e1 no local para acompanhar as atividades.&nbsp;<\/p>\n\n\n\n<p>Dois novos servi\u00e7os foram integrados ao programa. Tutores poder\u00e3o levar seu animal de estima\u00e7\u00e3o para receber a vacina antirr\u00e1bica e, em parceria com a Secretaria de Pol\u00edticas Para Mulheres, Inf\u00e2ncia e Juventude, interessados poder\u00e3o realizar o cadastramento para o Programa Primeiro Passo.<\/p>\n\n\n\n<p>O Primeiro Passo \u00e9 um aux\u00edlio financeiro para fam\u00edlias com crian\u00e7as em idade de creche e pr\u00e9-escola, n\u00e3o matriculadas na rede municipal de educa\u00e7\u00e3o. O objetivo do programa \u00e9 proteger os direitos da crian\u00e7a na primeira inf\u00e2ncia (at\u00e9 5 anos). As equipes da SPMJ, al\u00e9m de realizarem o cadastro, tamb\u00e9m far\u00e3o a a\u00e7\u00e3o CRAM em Movimento, que faz alus\u00e3o aos Centros de Refer\u00eancia e Atendimento \u00e0 Mulher em Salvador e tem o objetivo de formar multiplicadoras na preven\u00e7\u00e3o \u00e0 viol\u00eancia contra a mulher.<\/p>\n\n\n\n<p>Ana Paula Matos destacou a import\u00e2ncia do Sa\u00fade nos Bairros: \u201cEstamos refor\u00e7ando o acolhimento, a promo\u00e7\u00e3o da sa\u00fade e a preven\u00e7\u00e3o de agravos, al\u00e9m de desafogar demandas reprimidas e ampliar acessos. Nesta quarta, por exemplo, agregaremos dois importantes servi\u00e7os como o cadastramento para o programa Primeiro Passo e vacina\u00e7\u00e3o antirr\u00e1bica para animais. Essa intersetorialidade amplia ainda mais o n\u00famero de beneficiados\u201d, afirmou.<\/p>\n\n\n\n<p>No Alto da Terezinha, at\u00e9 o dia 11 de agosto, ser\u00e3o ofertados atendimentos odontol\u00f3gicos, raio-x, consultas m\u00e9dicas especializadas, ecocardiograma transtor\u00e1cico e eletrocardiograma; ultrassonografias, mamografia, al\u00e9m de exames laboratoriais e de vacina\u00e7\u00e3o (humana e antirr\u00e1bica).<\/p>\n","protected":false},"excerpt":{"rendered":"<p>O programa Sa\u00fade nos Bairros realiza atividades nesta quarta-feira (2), no bairro de Alto da Terezinha, sub\u00farbio ferrovi\u00e1rio de Salvador.As a\u00e7\u00f5es acontecem a partir das 8h, na Rua Bela Vista. A vice-prefeita e secret\u00e1ria Ana Paula Matos est\u00e1 no local para acompanhar as atividades.&nbsp; Dois novos servi\u00e7os foram integrados ao programa. Tutores poder\u00e3o levar seu [&hellip;]<\/p>\n","protected":false},"author":2,"featured_media":2277,"comment_status":"open","ping_status":"open","sticky":false,"template":"","format":"standard","meta":{"jnews-multi-image_gallery":[],"jnews_single_post":{"subtitle":"","format":"standard","video":"","gallery":"","source_name":"","source_url":"","via_name":"","via_url":"","override_template":"0","override":[{"template":"1","single_blog_custom":"","parallax":"1","fullscreen":"1","layout":"right-sidebar","sidebar":"default-sidebar","second_sidebar":"default-sidebar","sticky_sidebar":"1","share_position":"top","share_float_style":"share-monocrhome","show_share_counter":"0","show_view_counter":"0","show_featured":"1","show_post_meta":"1","show_post_author":"0","show_post_author_image":"1","show_post_date":"1","post_date_format":"default","post_date_format_custom":"Y\/m\/d","show_post_category":"1","show_post_reading_time":"0","post_reading_time_wpm":"300","show_zoom_button":"0","zoom_button_out_step":"2","zoom_button_in_step":"3","show_post_tag":"1","show_prev_next_post":"1","show_popup_post":"1","number_popup_post":"1","show_author_box":"0","show_post_related":"0","show_inline_post_related":"0"}],"override_image_size":"0","image_override":[{"single_post_thumbnail_size":"no-crop","single_post_gallery_size":"crop-715"}],"trending_post":"0","trending_post_position":"meta","trending_post_label":"Trending","sponsored_post":"0","sponsored_post_label":"Sponsored by","sponsored_post_name":"","sponsored_post_url":"","sponsored_post_logo_enable":"0","sponsored_post_logo":"","sponsored_post_desc":"","disable_ad":"0"},"jnews_primary_category":{"id":"","hide":""},"footnotes":""},"categories":[85,94],"tags":[],"class_list":["post-2276","post","type-post","status-publish","format-standard","has-post-thumbnail","hentry","category-noticias","category-saude-2"],"_links":{"self":[{"href":"https:\/\/cidadebaixaonline.com.br\/index.php\/wp-json\/wp\/v2\/posts\/2276","targetHints":{"allow":["GET"]}}],"collection":[{"href":"https:\/\/cidadebaixaonline.com.br\/index.php\/wp-json\/wp\/v2\/posts"}],"about":[{"href":"https:\/\/cidadebaixaonline.com.br\/index.php\/wp-json\/wp\/v2\/types\/post"}],"author":[{"embeddable":true,"href":"https:\/\/cidadebaixaonline.com.br\/index.php\/wp-json\/wp\/v2\/users\/2"}],"replies":[{"embeddable":true,"href":"https:\/\/cidadebaixaonline.com.br\/index.php\/wp-json\/wp\/v2\/comments?post=2276"}],"version-history":[{"count":0,"href":"https:\/\/cidadebaixaonline.com.br\/index.php\/wp-json\/wp\/v2\/posts\/2276\/revisions"}],"wp:featuredmedia":[{"embeddable":true,"href":"https:\/\/cidadebaixaonline.com.br\/index.php\/wp-json\/wp\/v2\/media\/2277"}],"wp:attachment":[{"href":"https:\/\/cidadebaixaonline.com.br\/index.php\/wp-json\/wp\/v2\/media?parent=2276"}],"wp:term":[{"taxonomy":"category","embeddable":true,"href":"https:\/\/cidadebaixaonline.com.br\/index.php\/wp-json\/wp\/v2\/categories?post=2276"},{"taxonomy":"post_tag","embeddable":true,"href":"https:\/\/cidadebaixaonline.com.br\/index.php\/wp-json\/wp\/v2\/tags?post=2276"}],"curies":[{"name":"wp","href":"https:\/\/api.w.org\/{rel}","templated":true}]}}