{"id":2226,"date":"2023-08-01T14:09:14","date_gmt":"2023-08-01T17:09:14","guid":{"rendered":"https:\/\/salvadoracontece.com.br\/?p=2226"},"modified":"2023-08-01T14:09:14","modified_gmt":"2023-08-01T17:09:14","slug":"mpt-abre-inquerito-para-investigar-morte-de-tecnico-que-caiu-do-11-andar-de-predio-em-itabuna","status":"publish","type":"post","link":"https:\/\/cidadebaixaonline.com.br\/index.php\/2023\/08\/01\/mpt-abre-inquerito-para-investigar-morte-de-tecnico-que-caiu-do-11-andar-de-predio-em-itabuna\/","title":{"rendered":"MPT abre inqu\u00e9rito para investigar morte de t\u00e9cnico que caiu do 11\u00b0 andar de pr\u00e9dio em Itabuna"},"content":{"rendered":"\n<p>O Minist\u00e9rio P\u00fablico do Trabalho (MPT) instaurou um procedimento para investigar o acidente em que&nbsp;um trabalhador morreu ap\u00f3s cair do 11\u00ba andar de um pr\u00e9dio em Itabuna, no sul da Bahia, no s\u00e1bado (20).<br><br>Carlos Henrique dos Santos, 48 anos, sofreu a queda na tarde de s\u00e1bado, na Rua Major D\u00f3rea, no bairro Cast\u00e1lia. As primeiras informa\u00e7\u00f5es s\u00e3o de que ele estava sem equipamentos de seguran\u00e7a por op\u00e7\u00e3o pr\u00f3pria.&nbsp;<\/p>\n\n\n\n<p>O MPT vai investigar se Carlos Henrique prestava servi\u00e7os autonomamente ou se trabalhava para alguma empresa.&nbsp; As causas do acidente, uso de equipamento de prote\u00e7\u00e3o e treinamento do trabalhador tamb\u00e9m ser\u00e3o investigados.<\/p>\n\n\n\n<p>No momento do acidente, Carlos fazia manuten\u00e7\u00e3o em um aparelho de ar-condicionado e teria ca\u00eddo ao se desequilibrar. O Servi\u00e7o de Atendimento M\u00f3vel de Urg\u00eancia (Samu) chegou a ser chamado, mas j\u00e1 encontrou o trabalhador sem vida.<\/p>\n","protected":false},"excerpt":{"rendered":"<p>O Minist\u00e9rio P\u00fablico do Trabalho (MPT) instaurou um procedimento para investigar o acidente em que&nbsp;um trabalhador morreu ap\u00f3s cair do 11\u00ba andar de um pr\u00e9dio em Itabuna, no sul da Bahia, no s\u00e1bado (20). Carlos Henrique dos Santos, 48 anos, sofreu a queda na tarde de s\u00e1bado, na Rua Major D\u00f3rea, no bairro Cast\u00e1lia. As [&hellip;]<\/p>\n","protected":false},"author":1,"featured_media":2227,"comment_status":"open","ping_status":"open","sticky":false,"template":"","format":"standard","meta":{"jnews-multi-image_gallery":[],"jnews_single_post":{"subtitle":"","format":"standard","video":"","gallery":"","source_name":"","source_url":"","via_name":"","via_url":"","override_template":"0","override":[{"template":"1","single_blog_custom":"","parallax":"1","fullscreen":"1","layout":"right-sidebar","sidebar":"default-sidebar","second_sidebar":"default-sidebar","sticky_sidebar":"1","share_position":"top","share_float_style":"share-monocrhome","show_share_counter":"0","show_view_counter":"0","show_featured":"1","show_post_meta":"1","show_post_author":"0","show_post_author_image":"1","show_post_date":"1","post_date_format":"default","post_date_format_custom":"Y\/m\/d","show_post_category":"1","show_post_reading_time":"0","post_reading_time_wpm":"300","show_zoom_button":"0","zoom_button_out_step":"2","zoom_button_in_step":"3","show_post_tag":"1","show_prev_next_post":"1","show_popup_post":"1","number_popup_post":"1","show_author_box":"0","show_post_related":"0","show_inline_post_related":"0"}],"override_image_size":"0","image_override":[{"single_post_thumbnail_size":"no-crop","single_post_gallery_size":"crop-715"}],"trending_post":"0","trending_post_position":"meta","trending_post_label":"Trending","sponsored_post":"0","sponsored_post_label":"Sponsored by","sponsored_post_name":"","sponsored_post_url":"","sponsored_post_logo_enable":"0","sponsored_post_logo":"","sponsored_post_desc":"","disable_ad":"0"},"jnews_primary_category":{"id":"","hide":""},"footnotes":""},"categories":[90,85,83],"tags":[],"class_list":["post-2226","post","type-post","status-publish","format-standard","has-post-thumbnail","hentry","category-bahia","category-noticias","category-seguranca"],"_links":{"self":[{"href":"https:\/\/cidadebaixaonline.com.br\/index.php\/wp-json\/wp\/v2\/posts\/2226","targetHints":{"allow":["GET"]}}],"collection":[{"href":"https:\/\/cidadebaixaonline.com.br\/index.php\/wp-json\/wp\/v2\/posts"}],"about":[{"href":"https:\/\/cidadebaixaonline.com.br\/index.php\/wp-json\/wp\/v2\/types\/post"}],"author":[{"embeddable":true,"href":"https:\/\/cidadebaixaonline.com.br\/index.php\/wp-json\/wp\/v2\/users\/1"}],"replies":[{"embeddable":true,"href":"https:\/\/cidadebaixaonline.com.br\/index.php\/wp-json\/wp\/v2\/comments?post=2226"}],"version-history":[{"count":0,"href":"https:\/\/cidadebaixaonline.com.br\/index.php\/wp-json\/wp\/v2\/posts\/2226\/revisions"}],"wp:featuredmedia":[{"embeddable":true,"href":"https:\/\/cidadebaixaonline.com.br\/index.php\/wp-json\/wp\/v2\/media\/2227"}],"wp:attachment":[{"href":"https:\/\/cidadebaixaonline.com.br\/index.php\/wp-json\/wp\/v2\/media?parent=2226"}],"wp:term":[{"taxonomy":"category","embeddable":true,"href":"https:\/\/cidadebaixaonline.com.br\/index.php\/wp-json\/wp\/v2\/categories?post=2226"},{"taxonomy":"post_tag","embeddable":true,"href":"https:\/\/cidadebaixaonline.com.br\/index.php\/wp-json\/wp\/v2\/tags?post=2226"}],"curies":[{"name":"wp","href":"https:\/\/api.w.org\/{rel}","templated":true}]}}