{"id":2223,"date":"2023-08-01T14:06:32","date_gmt":"2023-08-01T17:06:32","guid":{"rendered":"https:\/\/salvadoracontece.com.br\/?p=2223"},"modified":"2023-08-01T14:06:32","modified_gmt":"2023-08-01T17:06:32","slug":"empresario-acusado-de-atear-fogo-em-morador-de-rua-em-ilheus-retorna-a-presidio","status":"publish","type":"post","link":"https:\/\/cidadebaixaonline.com.br\/index.php\/2023\/08\/01\/empresario-acusado-de-atear-fogo-em-morador-de-rua-em-ilheus-retorna-a-presidio\/","title":{"rendered":"Empres\u00e1rio acusado de atear fogo em morador de rua em Ilh\u00e9us retorna a pres\u00eddio"},"content":{"rendered":"\n<p>A Justi\u00e7a determinou que o empres\u00e1rio acusado de atear fogo e matar um homem em situa\u00e7\u00e3o de rua, em Ilh\u00e9us, no sul da Bahia, retorne para o pres\u00eddio do munic\u00edpio. O caso aconteceu no dia 25 de janeiro deste ano e o r\u00e9u cumpria pris\u00e3o domiciliar desde maio.<\/p>\n\n\n\n<p>A decis\u00e3o foi tomada na segunda-feira (31), mesmo dia em que Orlando Teixeira do Carmo foi levado para o Pres\u00eddio Regional Ariston Cardoso. O empres\u00e1rio virou r\u00e9u do caso em junho, quando o juiz da Vara do J\u00fari e Execu\u00e7\u00f5es Penais de Ilh\u00e9us, Gustavo Henrique Almeida Lyra, aceitou a den\u00fancia do Minist\u00e9rio P\u00fablico da Bahia (MP-BA). As informa\u00e7\u00f5es s\u00e3o do g1<\/p>\n\n\n\n<p>Quando interrogado pela pol\u00edcia, no dia 1\u00b0 de junho, Orlando Teixeira do Carmo negou a acusa\u00e7\u00e3o e afirmou que estava em casa quando homic\u00eddio foi praticado.<\/p>\n","protected":false},"excerpt":{"rendered":"<p>A Justi\u00e7a determinou que o empres\u00e1rio acusado de atear fogo e matar um homem em situa\u00e7\u00e3o de rua, em Ilh\u00e9us, no sul da Bahia, retorne para o pres\u00eddio do munic\u00edpio. O caso aconteceu no dia 25 de janeiro deste ano e o r\u00e9u cumpria pris\u00e3o domiciliar desde maio. A decis\u00e3o foi tomada na segunda-feira (31), [&hellip;]<\/p>\n","protected":false},"author":1,"featured_media":2224,"comment_status":"open","ping_status":"open","sticky":false,"template":"","format":"standard","meta":{"jnews-multi-image_gallery":[],"jnews_single_post":{"subtitle":"","format":"standard","video":"","gallery":"","source_name":"","source_url":"","via_name":"","via_url":"","override_template":"0","override":[{"template":"1","single_blog_custom":"","parallax":"1","fullscreen":"1","layout":"right-sidebar","sidebar":"default-sidebar","second_sidebar":"default-sidebar","sticky_sidebar":"1","share_position":"top","share_float_style":"share-monocrhome","show_share_counter":"0","show_view_counter":"0","show_featured":"1","show_post_meta":"1","show_post_author":"0","show_post_author_image":"1","show_post_date":"1","post_date_format":"default","post_date_format_custom":"Y\/m\/d","show_post_category":"1","show_post_reading_time":"0","post_reading_time_wpm":"300","show_zoom_button":"0","zoom_button_out_step":"2","zoom_button_in_step":"3","show_post_tag":"1","show_prev_next_post":"1","show_popup_post":"1","number_popup_post":"1","show_author_box":"0","show_post_related":"0","show_inline_post_related":"0"}],"override_image_size":"0","image_override":[{"single_post_thumbnail_size":"no-crop","single_post_gallery_size":"crop-715"}],"trending_post":"0","trending_post_position":"meta","trending_post_label":"Trending","sponsored_post":"0","sponsored_post_label":"Sponsored by","sponsored_post_name":"","sponsored_post_url":"","sponsored_post_logo_enable":"0","sponsored_post_logo":"","sponsored_post_desc":"","disable_ad":"0"},"jnews_primary_category":{"id":"","hide":""},"footnotes":""},"categories":[90,85],"tags":[],"class_list":["post-2223","post","type-post","status-publish","format-standard","has-post-thumbnail","hentry","category-bahia","category-noticias"],"_links":{"self":[{"href":"https:\/\/cidadebaixaonline.com.br\/index.php\/wp-json\/wp\/v2\/posts\/2223","targetHints":{"allow":["GET"]}}],"collection":[{"href":"https:\/\/cidadebaixaonline.com.br\/index.php\/wp-json\/wp\/v2\/posts"}],"about":[{"href":"https:\/\/cidadebaixaonline.com.br\/index.php\/wp-json\/wp\/v2\/types\/post"}],"author":[{"embeddable":true,"href":"https:\/\/cidadebaixaonline.com.br\/index.php\/wp-json\/wp\/v2\/users\/1"}],"replies":[{"embeddable":true,"href":"https:\/\/cidadebaixaonline.com.br\/index.php\/wp-json\/wp\/v2\/comments?post=2223"}],"version-history":[{"count":0,"href":"https:\/\/cidadebaixaonline.com.br\/index.php\/wp-json\/wp\/v2\/posts\/2223\/revisions"}],"wp:featuredmedia":[{"embeddable":true,"href":"https:\/\/cidadebaixaonline.com.br\/index.php\/wp-json\/wp\/v2\/media\/2224"}],"wp:attachment":[{"href":"https:\/\/cidadebaixaonline.com.br\/index.php\/wp-json\/wp\/v2\/media?parent=2223"}],"wp:term":[{"taxonomy":"category","embeddable":true,"href":"https:\/\/cidadebaixaonline.com.br\/index.php\/wp-json\/wp\/v2\/categories?post=2223"},{"taxonomy":"post_tag","embeddable":true,"href":"https:\/\/cidadebaixaonline.com.br\/index.php\/wp-json\/wp\/v2\/tags?post=2223"}],"curies":[{"name":"wp","href":"https:\/\/api.w.org\/{rel}","templated":true}]}}