{"id":2122,"date":"2023-08-01T10:50:12","date_gmt":"2023-08-01T13:50:12","guid":{"rendered":"https:\/\/salvadoracontece.com.br\/?p=2122"},"modified":"2023-08-01T10:50:12","modified_gmt":"2023-08-01T13:50:12","slug":"lauro-de-freitas-inaugura-posto-de-vacinacao-avancado","status":"publish","type":"post","link":"https:\/\/cidadebaixaonline.com.br\/index.php\/2023\/08\/01\/lauro-de-freitas-inaugura-posto-de-vacinacao-avancado\/","title":{"rendered":"Lauro de Freitas inaugura posto de vacina\u00e7\u00e3o avan\u00e7ado"},"content":{"rendered":"\n<p>A Prefeitura de Lauro de Freitas entregou o Posto Avan\u00e7ado de Vacina\u00e7\u00e3o, no piso L2 do Parque Shopping Bahia, com o objetivo de oferecer maior cobertura vacinal \u00e0 popula\u00e7\u00e3o do munic\u00edpio. A inaugura\u00e7\u00e3o aconteceu na segunda-feira (31), data em que \u00e9 comemorado o anivers\u00e1rio da cidade.<\/p>\n\n\n\n<p>Com localiza\u00e7\u00e3o privilegiada, a unidade ir\u00e1 disponibilizar vacinas de rotina e contra Covid-19, al\u00e9m de emiss\u00e3o de cart\u00e3o SUS. O funcionamento ser\u00e1 de segunda a sexta-feira, das 8h \u00e0s 20h, e aos s\u00e1bados, das 8h \u00e0s 13h.<\/p>\n\n\n\n<p>Presente na inaugura\u00e7\u00e3o, o secret\u00e1rio Municipal de Sa\u00fade, Augusto C\u00e9sar, falou da import\u00e2ncia da caderneta de vacina\u00e7\u00e3o atualizada. \u201cCom mais essa facilidade em termos de hor\u00e1rio, fica melhor para as pessoas que trabalham o dia todo e n\u00e3o t\u00eam tempo, manterem esse compromisso em dia. Mais uma op\u00e7\u00e3o, al\u00e9m dos mutir\u00f5es, que oferecemos aos trabalhadores e seus familiares\u201d, ressaltou Cesar.<\/p>\n","protected":false},"excerpt":{"rendered":"<p>A Prefeitura de Lauro de Freitas entregou o Posto Avan\u00e7ado de Vacina\u00e7\u00e3o, no piso L2 do Parque Shopping Bahia, com o objetivo de oferecer maior cobertura vacinal \u00e0 popula\u00e7\u00e3o do munic\u00edpio. A inaugura\u00e7\u00e3o aconteceu na segunda-feira (31), data em que \u00e9 comemorado o anivers\u00e1rio da cidade. Com localiza\u00e7\u00e3o privilegiada, a unidade ir\u00e1 disponibilizar vacinas de [&hellip;]<\/p>\n","protected":false},"author":1,"featured_media":2123,"comment_status":"open","ping_status":"open","sticky":false,"template":"","format":"standard","meta":{"jnews-multi-image_gallery":[],"jnews_single_post":{"subtitle":"","format":"standard","video":"","gallery":"","source_name":"","source_url":"","via_name":"","via_url":"","override_template":"0","override":[{"template":"1","single_blog_custom":"","parallax":"1","fullscreen":"1","layout":"right-sidebar","sidebar":"default-sidebar","second_sidebar":"default-sidebar","sticky_sidebar":"1","share_position":"top","share_float_style":"share-monocrhome","show_share_counter":"0","show_view_counter":"0","show_featured":"1","show_post_meta":"1","show_post_author":"0","show_post_author_image":"1","show_post_date":"1","post_date_format":"default","post_date_format_custom":"Y\/m\/d","show_post_category":"1","show_post_reading_time":"0","post_reading_time_wpm":"300","show_zoom_button":"0","zoom_button_out_step":"2","zoom_button_in_step":"3","show_post_tag":"1","show_prev_next_post":"1","show_popup_post":"1","number_popup_post":"1","show_author_box":"0","show_post_related":"0","show_inline_post_related":"0"}],"override_image_size":"0","image_override":[{"single_post_thumbnail_size":"no-crop","single_post_gallery_size":"crop-715"}],"trending_post":"0","trending_post_position":"meta","trending_post_label":"Trending","sponsored_post":"0","sponsored_post_label":"Sponsored by","sponsored_post_name":"","sponsored_post_url":"","sponsored_post_logo_enable":"0","sponsored_post_logo":"","sponsored_post_desc":"","disable_ad":"0"},"jnews_primary_category":{"id":"","hide":""},"footnotes":""},"categories":[85,94],"tags":[],"class_list":["post-2122","post","type-post","status-publish","format-standard","has-post-thumbnail","hentry","category-noticias","category-saude-2"],"_links":{"self":[{"href":"https:\/\/cidadebaixaonline.com.br\/index.php\/wp-json\/wp\/v2\/posts\/2122","targetHints":{"allow":["GET"]}}],"collection":[{"href":"https:\/\/cidadebaixaonline.com.br\/index.php\/wp-json\/wp\/v2\/posts"}],"about":[{"href":"https:\/\/cidadebaixaonline.com.br\/index.php\/wp-json\/wp\/v2\/types\/post"}],"author":[{"embeddable":true,"href":"https:\/\/cidadebaixaonline.com.br\/index.php\/wp-json\/wp\/v2\/users\/1"}],"replies":[{"embeddable":true,"href":"https:\/\/cidadebaixaonline.com.br\/index.php\/wp-json\/wp\/v2\/comments?post=2122"}],"version-history":[{"count":0,"href":"https:\/\/cidadebaixaonline.com.br\/index.php\/wp-json\/wp\/v2\/posts\/2122\/revisions"}],"wp:featuredmedia":[{"embeddable":true,"href":"https:\/\/cidadebaixaonline.com.br\/index.php\/wp-json\/wp\/v2\/media\/2123"}],"wp:attachment":[{"href":"https:\/\/cidadebaixaonline.com.br\/index.php\/wp-json\/wp\/v2\/media?parent=2122"}],"wp:term":[{"taxonomy":"category","embeddable":true,"href":"https:\/\/cidadebaixaonline.com.br\/index.php\/wp-json\/wp\/v2\/categories?post=2122"},{"taxonomy":"post_tag","embeddable":true,"href":"https:\/\/cidadebaixaonline.com.br\/index.php\/wp-json\/wp\/v2\/tags?post=2122"}],"curies":[{"name":"wp","href":"https:\/\/api.w.org\/{rel}","templated":true}]}}