{"id":2077,"date":"2023-08-01T08:49:25","date_gmt":"2023-08-01T11:49:25","guid":{"rendered":"https:\/\/salvadoracontece.com.br\/?p=2077"},"modified":"2023-08-01T08:49:25","modified_gmt":"2023-08-01T11:49:25","slug":"filhote-de-baleia-encalha-na-praia-de-itapua","status":"publish","type":"post","link":"https:\/\/cidadebaixaonline.com.br\/index.php\/2023\/08\/01\/filhote-de-baleia-encalha-na-praia-de-itapua\/","title":{"rendered":"Filhote de baleia encalha na praia de Itapu\u00e3"},"content":{"rendered":"\n<p>Pescadores encontraram, na manh\u00e3 desta ter\u00e7a-feira (01), um filhote de baleia jubarte encalhado na praia de Itapu\u00e3. Segundo relato, ambulantes e pescadores tentaram desencalhar o animal, mas ainda n\u00e3o conseguiram por conta do peso da baleia.&nbsp;<\/p>\n\n\n\n<p> O caso aconteceu na orla de Itapu\u00e3, na altura da Col\u00f4nia de pescadores, segundo informa\u00e7\u00f5es da TV Record Itapoan.<\/p>\n","protected":false},"excerpt":{"rendered":"<p>Pescadores encontraram, na manh\u00e3 desta ter\u00e7a-feira (01), um filhote de baleia jubarte encalhado na praia de Itapu\u00e3. Segundo relato, ambulantes e pescadores tentaram desencalhar o animal, mas ainda n\u00e3o conseguiram por conta do peso da baleia.&nbsp; O caso aconteceu na orla de Itapu\u00e3, na altura da Col\u00f4nia de pescadores, segundo informa\u00e7\u00f5es da TV Record Itapoan.<\/p>\n","protected":false},"author":1,"featured_media":2076,"comment_status":"open","ping_status":"open","sticky":false,"template":"","format":"standard","meta":{"jnews-multi-image_gallery":[],"jnews_single_post":[],"jnews_primary_category":[],"footnotes":""},"categories":[90,85],"tags":[],"class_list":["post-2077","post","type-post","status-publish","format-standard","has-post-thumbnail","hentry","category-bahia","category-noticias"],"_links":{"self":[{"href":"https:\/\/cidadebaixaonline.com.br\/index.php\/wp-json\/wp\/v2\/posts\/2077","targetHints":{"allow":["GET"]}}],"collection":[{"href":"https:\/\/cidadebaixaonline.com.br\/index.php\/wp-json\/wp\/v2\/posts"}],"about":[{"href":"https:\/\/cidadebaixaonline.com.br\/index.php\/wp-json\/wp\/v2\/types\/post"}],"author":[{"embeddable":true,"href":"https:\/\/cidadebaixaonline.com.br\/index.php\/wp-json\/wp\/v2\/users\/1"}],"replies":[{"embeddable":true,"href":"https:\/\/cidadebaixaonline.com.br\/index.php\/wp-json\/wp\/v2\/comments?post=2077"}],"version-history":[{"count":0,"href":"https:\/\/cidadebaixaonline.com.br\/index.php\/wp-json\/wp\/v2\/posts\/2077\/revisions"}],"wp:featuredmedia":[{"embeddable":true,"href":"https:\/\/cidadebaixaonline.com.br\/index.php\/wp-json\/wp\/v2\/media\/2076"}],"wp:attachment":[{"href":"https:\/\/cidadebaixaonline.com.br\/index.php\/wp-json\/wp\/v2\/media?parent=2077"}],"wp:term":[{"taxonomy":"category","embeddable":true,"href":"https:\/\/cidadebaixaonline.com.br\/index.php\/wp-json\/wp\/v2\/categories?post=2077"},{"taxonomy":"post_tag","embeddable":true,"href":"https:\/\/cidadebaixaonline.com.br\/index.php\/wp-json\/wp\/v2\/tags?post=2077"}],"curies":[{"name":"wp","href":"https:\/\/api.w.org\/{rel}","templated":true}]}}