{"id":2073,"date":"2023-07-31T16:39:52","date_gmt":"2023-07-31T19:39:52","guid":{"rendered":"https:\/\/salvadoracontece.com.br\/?p=2073"},"modified":"2023-07-31T16:39:52","modified_gmt":"2023-07-31T19:39:52","slug":"rui-costa-define-prazo-para-chegada-do-pp-e-republicanos-no-governo-lula","status":"publish","type":"post","link":"https:\/\/cidadebaixaonline.com.br\/index.php\/2023\/07\/31\/rui-costa-define-prazo-para-chegada-do-pp-e-republicanos-no-governo-lula\/","title":{"rendered":"Rui Costa define prazo para chegada do PP e Republicanos no governo Lula"},"content":{"rendered":"\n<p>O ministro da Casa Civil,\u00a0Rui Costa, revelou que o governo do presidente\u00a0Luiz In\u00e1cio Lula da Silva\u00a0(PT) deseja contar com o\u00a0PP\u00a0e o\u00a0Republicanos\u00a0na Esplanada dos Minist\u00e9rios nos pr\u00f3ximos 10 dias. A fala ocorreu em entrevista \u00e0 coluna da jornalista Andreia Sadi, do site G1.<\/p>\n\n\n\n<p>\u201cIsso est\u00e1 com o presidente para decidir, n\u00e3o est\u00e1 definido quais pastas, mas o mais prov\u00e1vel \u00e9 que isso seja resolvido nos pr\u00f3ximos 10 dias\u201d, revelou Rui Costa.<\/p>\n\n\n\n<p>Ainda segundo a coluna, o PP vem insistindo em assumir um minist\u00e9rio importante, como o de\u00a0Desenvolvimento Social\u00a0e\u00a0 indicar o presidente da\u00a0Caixa Econ\u00f4mica Federal.\u00a0Para os cargos, o partido deseja indicar Andr\u00e9 Fufuca para o minist\u00e9rio e Margarethe Coelho para a presid\u00eancia do banco. J\u00e1 o Republicanos pode ocupar o\u00a0Minist\u00e9rio do Esporte\u00a0e um cargo no segundo escal\u00e3o do governo.<\/p>\n\n\n\n<p>Est\u00e1 previsto para acontecer ainda esta semana um encontro entre Lula com representantes do\u00a0Centr\u00e3o\u00a0para conversar sobre a chegada dos partidos no governo.\u00a0<\/p>\n","protected":false},"excerpt":{"rendered":"<p>O ministro da Casa Civil,\u00a0Rui Costa, revelou que o governo do presidente\u00a0Luiz In\u00e1cio Lula da Silva\u00a0(PT) deseja contar com o\u00a0PP\u00a0e o\u00a0Republicanos\u00a0na Esplanada dos Minist\u00e9rios nos pr\u00f3ximos 10 dias. A fala ocorreu em entrevista \u00e0 coluna da jornalista Andreia Sadi, do site G1. \u201cIsso est\u00e1 com o presidente para decidir, n\u00e3o est\u00e1 definido quais pastas, mas [&hellip;]<\/p>\n","protected":false},"author":1,"featured_media":2074,"comment_status":"open","ping_status":"open","sticky":false,"template":"","format":"standard","meta":{"jnews-multi-image_gallery":[],"jnews_single_post":{"subtitle":"","format":"standard","video":"","gallery":"","source_name":"","source_url":"","via_name":"","via_url":"","override_template":"0","override":[{"template":"1","single_blog_custom":"","parallax":"1","fullscreen":"1","layout":"right-sidebar","sidebar":"default-sidebar","second_sidebar":"default-sidebar","sticky_sidebar":"1","share_position":"top","share_float_style":"share-monocrhome","show_share_counter":"0","show_view_counter":"0","show_featured":"1","show_post_meta":"1","show_post_author":"0","show_post_author_image":"1","show_post_date":"1","post_date_format":"default","post_date_format_custom":"Y\/m\/d","show_post_category":"1","show_post_reading_time":"0","post_reading_time_wpm":"300","show_zoom_button":"0","zoom_button_out_step":"2","zoom_button_in_step":"3","show_post_tag":"1","show_prev_next_post":"1","show_popup_post":"1","number_popup_post":"1","show_author_box":"0","show_post_related":"0","show_inline_post_related":"0"}],"override_image_size":"0","image_override":[{"single_post_thumbnail_size":"no-crop","single_post_gallery_size":"crop-715"}],"trending_post":"0","trending_post_position":"meta","trending_post_label":"Trending","sponsored_post":"0","sponsored_post_label":"Sponsored by","sponsored_post_name":"","sponsored_post_url":"","sponsored_post_logo_enable":"0","sponsored_post_logo":"","sponsored_post_desc":"","disable_ad":"0"},"jnews_primary_category":{"id":"","hide":""},"footnotes":""},"categories":[85,91],"tags":[],"class_list":["post-2073","post","type-post","status-publish","format-standard","has-post-thumbnail","hentry","category-noticias","category-politica"],"_links":{"self":[{"href":"https:\/\/cidadebaixaonline.com.br\/index.php\/wp-json\/wp\/v2\/posts\/2073","targetHints":{"allow":["GET"]}}],"collection":[{"href":"https:\/\/cidadebaixaonline.com.br\/index.php\/wp-json\/wp\/v2\/posts"}],"about":[{"href":"https:\/\/cidadebaixaonline.com.br\/index.php\/wp-json\/wp\/v2\/types\/post"}],"author":[{"embeddable":true,"href":"https:\/\/cidadebaixaonline.com.br\/index.php\/wp-json\/wp\/v2\/users\/1"}],"replies":[{"embeddable":true,"href":"https:\/\/cidadebaixaonline.com.br\/index.php\/wp-json\/wp\/v2\/comments?post=2073"}],"version-history":[{"count":0,"href":"https:\/\/cidadebaixaonline.com.br\/index.php\/wp-json\/wp\/v2\/posts\/2073\/revisions"}],"wp:featuredmedia":[{"embeddable":true,"href":"https:\/\/cidadebaixaonline.com.br\/index.php\/wp-json\/wp\/v2\/media\/2074"}],"wp:attachment":[{"href":"https:\/\/cidadebaixaonline.com.br\/index.php\/wp-json\/wp\/v2\/media?parent=2073"}],"wp:term":[{"taxonomy":"category","embeddable":true,"href":"https:\/\/cidadebaixaonline.com.br\/index.php\/wp-json\/wp\/v2\/categories?post=2073"},{"taxonomy":"post_tag","embeddable":true,"href":"https:\/\/cidadebaixaonline.com.br\/index.php\/wp-json\/wp\/v2\/tags?post=2073"}],"curies":[{"name":"wp","href":"https:\/\/api.w.org\/{rel}","templated":true}]}}