{"id":1935,"date":"2023-07-31T14:06:33","date_gmt":"2023-07-31T17:06:33","guid":{"rendered":"https:\/\/salvadoracontece.com.br\/?p=1935"},"modified":"2023-07-31T14:06:33","modified_gmt":"2023-07-31T17:06:33","slug":"familia-de-cigana-morta-faz-protesto-e-pede-que-adolescente-seja-transferido-para-a-bahia","status":"publish","type":"post","link":"https:\/\/cidadebaixaonline.com.br\/index.php\/2023\/07\/31\/familia-de-cigana-morta-faz-protesto-e-pede-que-adolescente-seja-transferido-para-a-bahia\/","title":{"rendered":"Fam\u00edlia de cigana morta faz protesto e pede que adolescente seja transferido para a Bahia"},"content":{"rendered":"\n<p>Familiares de&nbsp;Yara Flor Santos Alves, de 14 anos, protestaram na manh\u00e3 desta segunda-feira (31) em Guaratinga, na Costa do Descobrimento. O grupo foi para frente do F\u00f3rum Valentin Ferreira Batista por volta das 9h e cobraram a transfer\u00eancia do menor para a cidade.<\/p>\n\n\n\n<p>Conforme a TV Santa Cruz, eles se queixam de que a perman\u00eancia do adolescente no Esp\u00edrito Santo n\u00e3o seria correta e que assim ele estaria recebendo privil\u00e9gios. O familiares querem tamb\u00e9m que o pai do jovem, identificado como J\u00fanior Alves, seja responsabilizado pela morte de Hyara Flor, uma vez que a arma era pertencente a ele.<\/p>\n\n\n\n<p>O advogado da fam\u00edlia do adolescente acusado, Homero Mafra, disse o cumprimento da pena de interna\u00e7\u00e3o deve ocorrer no Esp\u00edrito Santo por ser mais seguro para a fam\u00edlia do cliente, que estaria amea\u00e7ada pelos parentes de Hyara. No dia 26 de julho,&nbsp;o adolescente apontado como autor do disparo&nbsp;que vitimou Hyara Flor foi apreendido na cidade de Vila Velha (ES).&nbsp;<\/p>\n\n\n\n<p>Os pais de Hyara sustentam que a adolescente foi morta como vingan\u00e7a arquitetada por J\u00fanior Alves, que n\u00e3o aceitava uma rela\u00e7\u00e3o extraconjugal que envolvia a esposa dele com um tio da jovem.&nbsp;<\/p>\n\n\n\n<p>A adolescente morreu&nbsp;no dia 6 de julho em Guarantinga ap\u00f3s ser atingida por um disparo. Ela chegou a ser levada para um hospital, mas n\u00e3o resistiu.<\/p>\n","protected":false},"excerpt":{"rendered":"<p>Familiares de&nbsp;Yara Flor Santos Alves, de 14 anos, protestaram na manh\u00e3 desta segunda-feira (31) em Guaratinga, na Costa do Descobrimento. O grupo foi para frente do F\u00f3rum Valentin Ferreira Batista por volta das 9h e cobraram a transfer\u00eancia do menor para a cidade. Conforme a TV Santa Cruz, eles se queixam de que a perman\u00eancia [&hellip;]<\/p>\n","protected":false},"author":1,"featured_media":1949,"comment_status":"open","ping_status":"open","sticky":false,"template":"","format":"standard","meta":{"jnews-multi-image_gallery":[],"jnews_single_post":{"subtitle":"","format":"standard","video":"","gallery":"","source_name":"","source_url":"","via_name":"","via_url":"","override_template":"0","override":[{"template":"1","single_blog_custom":"","parallax":"1","fullscreen":"1","layout":"right-sidebar","sidebar":"default-sidebar","second_sidebar":"default-sidebar","sticky_sidebar":"1","share_position":"top","share_float_style":"share-monocrhome","show_share_counter":"0","show_view_counter":"0","show_featured":"1","show_post_meta":"1","show_post_author":"0","show_post_author_image":"1","show_post_date":"1","post_date_format":"default","post_date_format_custom":"Y\/m\/d","show_post_category":"1","show_post_reading_time":"0","post_reading_time_wpm":"300","show_zoom_button":"0","zoom_button_out_step":"2","zoom_button_in_step":"3","show_post_tag":"1","show_prev_next_post":"1","show_popup_post":"1","number_popup_post":"1","show_author_box":"0","show_post_related":"0","show_inline_post_related":"0"}],"override_image_size":"0","image_override":[{"single_post_thumbnail_size":"no-crop","single_post_gallery_size":"crop-715"}],"trending_post":"0","trending_post_position":"meta","trending_post_label":"Trending","sponsored_post":"0","sponsored_post_label":"Sponsored by","sponsored_post_name":"","sponsored_post_url":"","sponsored_post_logo_enable":"0","sponsored_post_logo":"","sponsored_post_desc":"","disable_ad":"0"},"jnews_primary_category":{"id":"","hide":""},"footnotes":""},"categories":[85,83],"tags":[],"class_list":["post-1935","post","type-post","status-publish","format-standard","has-post-thumbnail","hentry","category-noticias","category-seguranca"],"_links":{"self":[{"href":"https:\/\/cidadebaixaonline.com.br\/index.php\/wp-json\/wp\/v2\/posts\/1935","targetHints":{"allow":["GET"]}}],"collection":[{"href":"https:\/\/cidadebaixaonline.com.br\/index.php\/wp-json\/wp\/v2\/posts"}],"about":[{"href":"https:\/\/cidadebaixaonline.com.br\/index.php\/wp-json\/wp\/v2\/types\/post"}],"author":[{"embeddable":true,"href":"https:\/\/cidadebaixaonline.com.br\/index.php\/wp-json\/wp\/v2\/users\/1"}],"replies":[{"embeddable":true,"href":"https:\/\/cidadebaixaonline.com.br\/index.php\/wp-json\/wp\/v2\/comments?post=1935"}],"version-history":[{"count":0,"href":"https:\/\/cidadebaixaonline.com.br\/index.php\/wp-json\/wp\/v2\/posts\/1935\/revisions"}],"wp:featuredmedia":[{"embeddable":true,"href":"https:\/\/cidadebaixaonline.com.br\/index.php\/wp-json\/wp\/v2\/media\/1949"}],"wp:attachment":[{"href":"https:\/\/cidadebaixaonline.com.br\/index.php\/wp-json\/wp\/v2\/media?parent=1935"}],"wp:term":[{"taxonomy":"category","embeddable":true,"href":"https:\/\/cidadebaixaonline.com.br\/index.php\/wp-json\/wp\/v2\/categories?post=1935"},{"taxonomy":"post_tag","embeddable":true,"href":"https:\/\/cidadebaixaonline.com.br\/index.php\/wp-json\/wp\/v2\/tags?post=1935"}],"curies":[{"name":"wp","href":"https:\/\/api.w.org\/{rel}","templated":true}]}}