{"id":1921,"date":"2023-07-31T13:54:09","date_gmt":"2023-07-31T16:54:09","guid":{"rendered":"https:\/\/salvadoracontece.com.br\/?p=1921"},"modified":"2023-07-31T13:54:09","modified_gmt":"2023-07-31T16:54:09","slug":"lula-sanciona-programa-escola-em-tempo-integral-jeronimo-participa-de-cerimonia","status":"publish","type":"post","link":"https:\/\/cidadebaixaonline.com.br\/index.php\/2023\/07\/31\/lula-sanciona-programa-escola-em-tempo-integral-jeronimo-participa-de-cerimonia\/","title":{"rendered":"Lula sanciona programa Escola em Tempo Integral; Jer\u00f4nimo participa de cerim\u00f4nia"},"content":{"rendered":"\n<p>O presidente Luiz In\u00e1cio Lula da Silva (PT) sanciona na manh\u00e3 desta segunda-feira (31) a lei que cria o programa Escola em Tempo Integral, que pretende ampliar em 1 milh\u00e3o o n\u00famero de matr\u00edculas de tempo integral na educa\u00e7\u00e3o b\u00e1sica ainda neste ano. Ao todo, o Minist\u00e9rio da Educa\u00e7\u00e3o vai investir R$ 4 bilh\u00f5es no programa. O objetivo \u00e9 que estados, munic\u00edpios e o Distrito Federal alcancem 3,2 milh\u00f5es de matr\u00edculas at\u00e9 2026.<\/p>\n\n\n\n<p>O governador da Bahia, Jer\u00f4nimo Rodrigues (PT), participa&nbsp;da cerim\u00f4nia, no Pal\u00e1cio do Planalto. Ele publicou em suas redes sociais um v\u00eddeo em que aparece ao lado do ministro Rui Costa (Casa Civil) e do senador Jaques Wagner (PT), ambos ex-chefes do Executivo baiano.<\/p>\n\n\n\n<p>O programa&nbsp;Escola em Tempo matr\u00edcula&nbsp;propiciar\u00e1 que o estudante permane\u00e7a em atividades escolares por pelo menos 7 horas di\u00e1rias em dois turnos. Na primeira etapa da iniciativa, estados e munic\u00edpios v\u00e3o apresentar ao MEC as metas de amplia\u00e7\u00e3o das matr\u00edculas em tempo integral. Os recursos ser\u00e3o transferido de acordo com as matr\u00edculas efetivadas.<\/p>\n\n\n\n<p>O Plano Nacional de Educa\u00e7\u00e3o (PNE) estabelece que a oferta de educa\u00e7\u00e3o em tempo integral deve estar presente em, no m\u00ednimo, 50% das escolas p\u00fablicas do pa\u00eds, e atender pelo menos 25% dos estudantes da educa\u00e7\u00e3o b\u00e1sica. O governo tenta cumprir essa meta com o programa.<\/p>\n\n\n\n<p>O programa foi lan\u00e7ado em maio pelo presidente Lula e pelo ministro da Educa\u00e7\u00e3o, Camilo Santana, durante evento em Fortaleza (CE). O governo enviou ao Congresso Nacional o projeto de lei criando o Programa Escola em Tempo Integral, que teve tramita\u00e7\u00e3o finalizada em 11 de julho nas duas Casas.<\/p>\n","protected":false},"excerpt":{"rendered":"<p>O presidente Luiz In\u00e1cio Lula da Silva (PT) sanciona na manh\u00e3 desta segunda-feira (31) a lei que cria o programa Escola em Tempo Integral, que pretende ampliar em 1 milh\u00e3o o n\u00famero de matr\u00edculas de tempo integral na educa\u00e7\u00e3o b\u00e1sica ainda neste ano. Ao todo, o Minist\u00e9rio da Educa\u00e7\u00e3o vai investir R$ 4 bilh\u00f5es no [&hellip;]<\/p>\n","protected":false},"author":1,"featured_media":1922,"comment_status":"open","ping_status":"open","sticky":false,"template":"","format":"standard","meta":{"jnews-multi-image_gallery":[],"jnews_single_post":{"subtitle":"","format":"standard","video":"","gallery":"","source_name":"","source_url":"","via_name":"","via_url":"","override_template":"0","override":[{"template":"1","single_blog_custom":"","parallax":"1","fullscreen":"1","layout":"right-sidebar","sidebar":"default-sidebar","second_sidebar":"default-sidebar","sticky_sidebar":"1","share_position":"top","share_float_style":"share-monocrhome","show_share_counter":"0","show_view_counter":"0","show_featured":"1","show_post_meta":"1","show_post_author":"0","show_post_author_image":"1","show_post_date":"1","post_date_format":"default","post_date_format_custom":"Y\/m\/d","show_post_category":"1","show_post_reading_time":"0","post_reading_time_wpm":"300","show_zoom_button":"0","zoom_button_out_step":"2","zoom_button_in_step":"3","show_post_tag":"1","show_prev_next_post":"1","show_popup_post":"1","number_popup_post":"1","show_author_box":"0","show_post_related":"0","show_inline_post_related":"0"}],"override_image_size":"0","image_override":[{"single_post_thumbnail_size":"no-crop","single_post_gallery_size":"crop-715"}],"trending_post":"0","trending_post_position":"meta","trending_post_label":"Trending","sponsored_post":"0","sponsored_post_label":"Sponsored by","sponsored_post_name":"","sponsored_post_url":"","sponsored_post_logo_enable":"0","sponsored_post_logo":"","sponsored_post_desc":"","disable_ad":"0"},"jnews_primary_category":{"id":"","hide":""},"footnotes":""},"categories":[91],"tags":[],"class_list":["post-1921","post","type-post","status-publish","format-standard","has-post-thumbnail","hentry","category-politica"],"_links":{"self":[{"href":"https:\/\/cidadebaixaonline.com.br\/index.php\/wp-json\/wp\/v2\/posts\/1921","targetHints":{"allow":["GET"]}}],"collection":[{"href":"https:\/\/cidadebaixaonline.com.br\/index.php\/wp-json\/wp\/v2\/posts"}],"about":[{"href":"https:\/\/cidadebaixaonline.com.br\/index.php\/wp-json\/wp\/v2\/types\/post"}],"author":[{"embeddable":true,"href":"https:\/\/cidadebaixaonline.com.br\/index.php\/wp-json\/wp\/v2\/users\/1"}],"replies":[{"embeddable":true,"href":"https:\/\/cidadebaixaonline.com.br\/index.php\/wp-json\/wp\/v2\/comments?post=1921"}],"version-history":[{"count":0,"href":"https:\/\/cidadebaixaonline.com.br\/index.php\/wp-json\/wp\/v2\/posts\/1921\/revisions"}],"wp:featuredmedia":[{"embeddable":true,"href":"https:\/\/cidadebaixaonline.com.br\/index.php\/wp-json\/wp\/v2\/media\/1922"}],"wp:attachment":[{"href":"https:\/\/cidadebaixaonline.com.br\/index.php\/wp-json\/wp\/v2\/media?parent=1921"}],"wp:term":[{"taxonomy":"category","embeddable":true,"href":"https:\/\/cidadebaixaonline.com.br\/index.php\/wp-json\/wp\/v2\/categories?post=1921"},{"taxonomy":"post_tag","embeddable":true,"href":"https:\/\/cidadebaixaonline.com.br\/index.php\/wp-json\/wp\/v2\/tags?post=1921"}],"curies":[{"name":"wp","href":"https:\/\/api.w.org\/{rel}","templated":true}]}}