{"id":1897,"date":"2023-07-31T13:31:53","date_gmt":"2023-07-31T16:31:53","guid":{"rendered":"https:\/\/salvadoracontece.com.br\/?p=1897"},"modified":"2023-07-31T13:31:53","modified_gmt":"2023-07-31T16:31:53","slug":"prefeitura-de-salvador-abrira-10-unidades-para-acolher-dependentes-quimicos","status":"publish","type":"post","link":"https:\/\/cidadebaixaonline.com.br\/index.php\/2023\/07\/31\/prefeitura-de-salvador-abrira-10-unidades-para-acolher-dependentes-quimicos\/","title":{"rendered":"Prefeitura de Salvador abrir\u00e1 10 unidades para acolher dependentes qu\u00edmicos"},"content":{"rendered":"\n<p>O prefeito de Salvador, Bruno Reis, reuniu-se nesta sexta-feira (28) com os diretores e com o titular da Secretaria de Promo\u00e7\u00e3o Social, Combate \u00e0 Pobreza, Esportes e Lazer (Sempre), J\u00fanior Magalh\u00e3es. O encontro serviu para alinhar a\u00e7\u00f5es que a pasta lan\u00e7ar\u00e1 neste segundo semestre de 2023, como a publica\u00e7\u00e3o do Censo da Popula\u00e7\u00e3o em Situa\u00e7\u00e3o de Rua e a implanta\u00e7\u00e3o de 10 unidades de acolhimento e tratamento das pessoas em depend\u00eancia de subst\u00e2ncias psicoativas.<\/p>\n\n\n\n<p>Bruno destacou que a Prefeitura saiu \u00e0 frente da decis\u00e3o do ministro do STF, Alexandre de Moraes, que na \u00faltima ter\u00e7a-feira (25) determinou que o Governo Federal apresente em 120 dias um censo para a elabora\u00e7\u00e3o de uma pol\u00edtica nacional para a popula\u00e7\u00e3o em situa\u00e7\u00e3o de rua. \u201cEnquanto o pa\u00eds ainda discute essa necessidade, Salvador se antecipou e j\u00e1 tem um censo da popula\u00e7\u00e3o em situa\u00e7\u00e3o de rua, pronto para ser publicado. N\u00e3o precisamos da decis\u00e3o do STF, n\u00f3s antecipamos o problema e seremos o primeiro munic\u00edpio do Brasil a lan\u00e7ar uma pol\u00edtica focada nesses cidad\u00e3os\u201d, disse.<\/p>\n\n\n\n<p>Como j\u00e1 adiantou em entrevistas, o prefeito destacou que o censo apontou mais de 5 mil pessoas em situa\u00e7\u00e3o de rua em Salvador. Em breve, junto aos dados completos do estudo, a gest\u00e3o municipal lan\u00e7ar\u00e1 um pacote de programas sociais direcionados a essa popula\u00e7\u00e3o, como o aumento do valor do Aux\u00edlio Moradia e um cart\u00e3o alimenta\u00e7\u00e3o para quem n\u00e3o est\u00e1 cadastrado no Bolsa Fam\u00edlia ou em outros programas do Governo Federal.<\/p>\n","protected":false},"excerpt":{"rendered":"<p>O prefeito de Salvador, Bruno Reis, reuniu-se nesta sexta-feira (28) com os diretores e com o titular da Secretaria de Promo\u00e7\u00e3o Social, Combate \u00e0 Pobreza, Esportes e Lazer (Sempre), J\u00fanior Magalh\u00e3es. O encontro serviu para alinhar a\u00e7\u00f5es que a pasta lan\u00e7ar\u00e1 neste segundo semestre de 2023, como a publica\u00e7\u00e3o do Censo da Popula\u00e7\u00e3o em Situa\u00e7\u00e3o [&hellip;]<\/p>\n","protected":false},"author":1,"featured_media":1898,"comment_status":"open","ping_status":"open","sticky":false,"template":"","format":"standard","meta":{"jnews-multi-image_gallery":[],"jnews_single_post":{"subtitle":"","format":"standard","video":"","gallery":"","source_name":"","source_url":"","via_name":"","via_url":"","override_template":"0","override":[{"template":"1","single_blog_custom":"","parallax":"1","fullscreen":"1","layout":"right-sidebar","sidebar":"default-sidebar","second_sidebar":"default-sidebar","sticky_sidebar":"1","share_position":"top","share_float_style":"share-monocrhome","show_share_counter":"0","show_view_counter":"0","show_featured":"1","show_post_meta":"1","show_post_author":"0","show_post_author_image":"1","show_post_date":"1","post_date_format":"default","post_date_format_custom":"Y\/m\/d","show_post_category":"1","show_post_reading_time":"0","post_reading_time_wpm":"300","show_zoom_button":"0","zoom_button_out_step":"2","zoom_button_in_step":"3","show_post_tag":"1","show_prev_next_post":"1","show_popup_post":"1","number_popup_post":"1","show_author_box":"0","show_post_related":"0","show_inline_post_related":"0"}],"override_image_size":"0","image_override":[{"single_post_thumbnail_size":"crop-500","single_post_gallery_size":"crop-500"}],"trending_post":"0","trending_post_position":"meta","trending_post_label":"Trending","sponsored_post":"0","sponsored_post_label":"Sponsored by","sponsored_post_name":"","sponsored_post_url":"","sponsored_post_logo_enable":"0","sponsored_post_logo":"","sponsored_post_desc":"","disable_ad":"0"},"jnews_primary_category":{"id":"","hide":""},"footnotes":""},"categories":[85,91],"tags":[],"class_list":["post-1897","post","type-post","status-publish","format-standard","has-post-thumbnail","hentry","category-noticias","category-politica"],"_links":{"self":[{"href":"https:\/\/cidadebaixaonline.com.br\/index.php\/wp-json\/wp\/v2\/posts\/1897","targetHints":{"allow":["GET"]}}],"collection":[{"href":"https:\/\/cidadebaixaonline.com.br\/index.php\/wp-json\/wp\/v2\/posts"}],"about":[{"href":"https:\/\/cidadebaixaonline.com.br\/index.php\/wp-json\/wp\/v2\/types\/post"}],"author":[{"embeddable":true,"href":"https:\/\/cidadebaixaonline.com.br\/index.php\/wp-json\/wp\/v2\/users\/1"}],"replies":[{"embeddable":true,"href":"https:\/\/cidadebaixaonline.com.br\/index.php\/wp-json\/wp\/v2\/comments?post=1897"}],"version-history":[{"count":0,"href":"https:\/\/cidadebaixaonline.com.br\/index.php\/wp-json\/wp\/v2\/posts\/1897\/revisions"}],"wp:featuredmedia":[{"embeddable":true,"href":"https:\/\/cidadebaixaonline.com.br\/index.php\/wp-json\/wp\/v2\/media\/1898"}],"wp:attachment":[{"href":"https:\/\/cidadebaixaonline.com.br\/index.php\/wp-json\/wp\/v2\/media?parent=1897"}],"wp:term":[{"taxonomy":"category","embeddable":true,"href":"https:\/\/cidadebaixaonline.com.br\/index.php\/wp-json\/wp\/v2\/categories?post=1897"},{"taxonomy":"post_tag","embeddable":true,"href":"https:\/\/cidadebaixaonline.com.br\/index.php\/wp-json\/wp\/v2\/tags?post=1897"}],"curies":[{"name":"wp","href":"https:\/\/api.w.org\/{rel}","templated":true}]}}