{"id":1669,"date":"2023-07-28T10:01:47","date_gmt":"2023-07-28T13:01:47","guid":{"rendered":"http:\/\/salvadoracontece.com.br\/?p=1164"},"modified":"2023-07-28T10:01:47","modified_gmt":"2023-07-28T13:01:47","slug":"prefeitura-inaugura-nova-sede-do-cras-e-posto-do-cadunico-em-pau-da-lima","status":"publish","type":"post","link":"https:\/\/cidadebaixaonline.com.br\/index.php\/2023\/07\/28\/prefeitura-inaugura-nova-sede-do-cras-e-posto-do-cadunico-em-pau-da-lima\/","title":{"rendered":"Prefeitura inaugura nova sede do Cras e posto do Cad\u00danico em Pau da Lima"},"content":{"rendered":"\n<p>A Prefeitura de Salvador inaugura nesta sexta-feira (28), a sede do Centro de Refer\u00eancia da Assist\u00eancia Social (Cras) e um novo posto do Cadastro \u00danico (Cad\u00danico) em Pau da Lima, na avenida Aliomar Baleeiro, 1578, a partir das 11h. Al\u00e9m disso, a prefeitura tamb\u00e9m entrega a requalifica\u00e7\u00e3o do Restaurante Popular.<\/p>\n\n\n\n<p>O prefeito Bruno Reis e o secret\u00e1rio de Promo\u00e7\u00e3o Social, Combate \u00e0 Pobreza, Esportes e Lazer (Sempre), J\u00fanior Magalh\u00e3es, participam da inaugura\u00e7\u00e3o, que vai contar ainda com a presen\u00e7a de outras autoridades municipais.<\/p>\n\n\n\n<p>Com a entrega de mais um Cad\u00danico, a capital baiana totalizar\u00e1 36 postos fixos dispon\u00edveis para novos cadastros ou atualiza\u00e7\u00f5es. J\u00e1 a chegada da nova sede do Cras ampliar\u00e1 o acesso das fam\u00edlias ao Servi\u00e7o de Prote\u00e7\u00e3o e Atendimento Integral \u00e0 Fam\u00edlia (Paif), que oferece atendimento particularizado, acompanhamento sociofamiliar e atividades socioeducativas no contexto comunit\u00e1rio, visando a orienta\u00e7\u00e3o e fortalecimento de v\u00ednculos familiares e comunit\u00e1rios.<\/p>\n","protected":false},"excerpt":{"rendered":"<p>A Prefeitura de Salvador inaugura nesta sexta-feira (28), a sede do Centro de Refer\u00eancia da Assist\u00eancia Social (Cras) e um novo posto do Cadastro \u00danico (Cad\u00danico) em Pau da Lima, na avenida Aliomar Baleeiro, 1578, a partir das 11h. Al\u00e9m disso, a prefeitura tamb\u00e9m entrega a requalifica\u00e7\u00e3o do Restaurante Popular. O prefeito Bruno Reis e [&hellip;]<\/p>\n","protected":false},"author":1,"featured_media":1539,"comment_status":"open","ping_status":"open","sticky":false,"template":"","format":"standard","meta":{"jnews-multi-image_gallery":[],"jnews_single_post":[],"jnews_primary_category":[],"footnotes":""},"categories":[91],"tags":[],"class_list":["post-1669","post","type-post","status-publish","format-standard","has-post-thumbnail","hentry","category-politica"],"_links":{"self":[{"href":"https:\/\/cidadebaixaonline.com.br\/index.php\/wp-json\/wp\/v2\/posts\/1669","targetHints":{"allow":["GET"]}}],"collection":[{"href":"https:\/\/cidadebaixaonline.com.br\/index.php\/wp-json\/wp\/v2\/posts"}],"about":[{"href":"https:\/\/cidadebaixaonline.com.br\/index.php\/wp-json\/wp\/v2\/types\/post"}],"author":[{"embeddable":true,"href":"https:\/\/cidadebaixaonline.com.br\/index.php\/wp-json\/wp\/v2\/users\/1"}],"replies":[{"embeddable":true,"href":"https:\/\/cidadebaixaonline.com.br\/index.php\/wp-json\/wp\/v2\/comments?post=1669"}],"version-history":[{"count":0,"href":"https:\/\/cidadebaixaonline.com.br\/index.php\/wp-json\/wp\/v2\/posts\/1669\/revisions"}],"wp:featuredmedia":[{"embeddable":true,"href":"https:\/\/cidadebaixaonline.com.br\/index.php\/wp-json\/wp\/v2\/media\/1539"}],"wp:attachment":[{"href":"https:\/\/cidadebaixaonline.com.br\/index.php\/wp-json\/wp\/v2\/media?parent=1669"}],"wp:term":[{"taxonomy":"category","embeddable":true,"href":"https:\/\/cidadebaixaonline.com.br\/index.php\/wp-json\/wp\/v2\/categories?post=1669"},{"taxonomy":"post_tag","embeddable":true,"href":"https:\/\/cidadebaixaonline.com.br\/index.php\/wp-json\/wp\/v2\/tags?post=1669"}],"curies":[{"name":"wp","href":"https:\/\/api.w.org\/{rel}","templated":true}]}}