{"id":15659,"date":"2026-09-03T14:18:31","date_gmt":"2026-09-03T17:18:31","guid":{"rendered":"https:\/\/cidadebaixaonline.com.br\/?p=15659"},"modified":"2026-09-03T14:18:33","modified_gmt":"2026-09-03T17:18:33","slug":"prefeitura-amplia-projeto-de-educacao-antirracista-em-salvador","status":"publish","type":"post","link":"https:\/\/cidadebaixaonline.com.br\/index.php\/2026\/09\/03\/prefeitura-amplia-projeto-de-educacao-antirracista-em-salvador\/","title":{"rendered":"Prefeitura amplia projeto de educa\u00e7\u00e3o antirracista em Salvador"},"content":{"rendered":"<p>A Prefeitura de Salvador anunciou, nesta quinta-feira (3), dez escolas selecionadas para receber Bebeteca Antirracista, iniciativa voltada \u00e0 promo\u00e7\u00e3o da diversidade \u00e9tnico-racial e ao combate ao racismo desde a primeira inf\u00e2ncia. O an\u00fancio foi realizado na Sala de Reuni\u00f5es do Gabinete do Prefeito Bruno Reis (Uni\u00e3o Brasil).<\/p>\n<p>O projeto comem\u00e7ou em 2024, com a experi\u00eancia da Bebeteca Antirracista Curumim, localizada a Creche e Pr\u00e9-Escola Primeiro Passo Periperi, no Sub\u00farbio Ferrovi\u00e1rio. Agora, todas as dez Ger\u00eancias Regionais de Educa\u00e7\u00e3o (GREs) de Salvador v\u00e3o receber R$ 60 mil para a estrutura\u00e7\u00e3o de mobili\u00e1rios, brinquedos e acervos liter\u00e1rios voltados, especialmente, para beb\u00eas e crian\u00e7as pequenas (de 0 a 5 anos).<\/p>\n<p>As dez escolas contempladas s\u00e3o: Centro M. De E. Infantil Dep Lourival Evangelista Costa (Sub\u00farbio), Centro M. De E. Infantil Unidos de Castelo Branco, Creche e pr\u00e9-escola Primeiro Passo Cassange, Centro M. De E. Infantil de Amaralina, Centro M. De E. Infantil Olga Ben\u00e1rio, Neison Radar Da Bahia: Escola Municipal Jo\u00e3o Lino (Pelourinho), Creche e pr\u00e9-escola Primeiro Passo Nova Bras\u00edlia, Centro M. De E. Infantil \u00c1lvaro Bahia, Centro M. De E. Infantil Yolanda Pires e Centro M. De E. Infantil Baronesa do Sau\u00edpe<\/p>\n<p>De acordo com o Bruno Reis, a iniciativa surgiu a partir da experi\u00eancia da Escola Creche Primeiro Passo Periperi, onde uma bebeteca antirracista foi implantada e ganhou proje\u00e7\u00e3o nacional e internacional.<\/p>\n<p>\u201cEra um case que tinha se tornado um sucesso l\u00e1 na nossa escola creche Primeiro Passo Periperi. E passou at\u00e9 a ganhar uma proje\u00e7\u00e3o nacional e internacional. E era muito importante que n\u00f3s pud\u00e9ssemos ampliar\u201d, afirmou o prefeito.<\/p>\n<p>\u201cToda vez que algu\u00e9m vem ao nosso gabinete para tratar de pol\u00edticas p\u00fablicas para a educa\u00e7\u00e3o, e, nesse caso em especial, a import\u00e2ncia de uma educa\u00e7\u00e3o voltada para a diversidade \u00e9tnico-racial, para o enfrentamento ao racismo, desde a primeira inf\u00e2ncia, eu digo sempre: tudo que come\u00e7a bem termina bem\u201d, acrescentou.<\/p>\n<h2>Cultura afro-brasileira desde a primeira inf\u00e2ncia<\/h2>\n<p>Bruno Reis defendeu que o contato com a cultura afro-brasileira seja iniciado ainda nos primeiros anos de vida, como forma de ampliar a consci\u00eancia sobre as quest\u00f5es raciais entre as crian\u00e7as.<\/p>\n<p>\u201c\u00c9 fundamental a gente introduzir a import\u00e2ncia da cultura afro-brasileira desde o in\u00edcio, ainda na pr\u00e9-inf\u00e2ncia. Para que a crian\u00e7a, at\u00e9 os que n\u00e3o s\u00e3o negros ou pardos, possam ter essa consci\u00eancia, possam ter essa forma\u00e7\u00e3o, para que a gente possa com isso, efetivamente, combater as desigualdades raciais\u201d, afirmou.<\/p>\n<p>O prefeito tamb\u00e9m classificou a primeira Bebeteca Antirracista implantada pela gest\u00e3o como um sucesso e afirmou que cabe ao poder p\u00fablico ampliar a iniciativa.<\/p>\n<p>\u201cA Bebeteca Antirracista, a primeira que n\u00f3s implantamos, ela tem sido um verdadeiro sucesso. Ent\u00e3o, cabe, como gestor, ampliar, disponibilizar recursos, apostar. \u00c9 fundamental a gente poder criar essa consci\u00eancia na cidade\u201d, disse.<\/p>\n<h2>Bruno Reis destaca a\u00e7\u00f5es em \u00e1reas mais carentes<\/h2>\n<p>Durante o an\u00fancio, o prefeito tamb\u00e9m destacou a destina\u00e7\u00e3o de recursos da Prefeitura de Salvador para regi\u00f5es mais carentes da cidade. Segundo ele, cerca de 90% dos recursos municipais s\u00e3o direcionados a \u00e1reas e pol\u00edticas p\u00fablicas voltadas \u00e0 popula\u00e7\u00e3o que mais precisa.<\/p>\n<p>\u201cTenho muito orgulho de dizer que a maioria dos recursos, praticamente 90% dos recursos da nossa cidade s\u00e3o para as \u00e1reas mais carentes, para as pol\u00edticas p\u00fablicas voltadas para as pessoas que mais precisam. E a\u00ed, infelizmente, essa \u00e9 a realidade da nossa cidade: as pessoas que mais ainda precisam s\u00e3o as pessoas negras\u201d, afirmou.<\/p>\n<p>\u201cEnt\u00e3o, h\u00e1 uma necessidade de uma repara\u00e7\u00e3o, h\u00e1 essa necessidade permanente de implanta\u00e7\u00e3o de pol\u00edticas p\u00fablicas, da amplia\u00e7\u00e3o de pol\u00edticas p\u00fablicas para a gente poder fazer essa transforma\u00e7\u00e3o social, que \u00e9 o que n\u00f3s desejamos\u201d, completou.<\/p>\n","protected":false},"excerpt":{"rendered":"<p>A Prefeitura de Salvador anunciou, nesta quinta-feira (3), dez escolas selecionadas para receber Bebeteca Antirracista, iniciativa voltada \u00e0 promo\u00e7\u00e3o da diversidade \u00e9tnico-racial e ao combate ao racismo desde a primeira inf\u00e2ncia. O an\u00fancio foi realizado na Sala de Reuni\u00f5es do Gabinete do Prefeito Bruno Reis (Uni\u00e3o Brasil). O projeto comem\u00e7ou em 2024, com a experi\u00eancia [&hellip;]<\/p>\n","protected":false},"author":1,"featured_media":15661,"comment_status":"open","ping_status":"closed","sticky":false,"template":"","format":"standard","meta":{"jnews-multi-image_gallery":[],"jnews_single_post":[],"jnews_primary_category":[],"footnotes":""},"categories":[140],"tags":[],"class_list":["post-15659","post","type-post","status-publish","format-standard","has-post-thumbnail","hentry","category-prefeitura-de-salvador"],"_links":{"self":[{"href":"https:\/\/cidadebaixaonline.com.br\/index.php\/wp-json\/wp\/v2\/posts\/15659","targetHints":{"allow":["GET"]}}],"collection":[{"href":"https:\/\/cidadebaixaonline.com.br\/index.php\/wp-json\/wp\/v2\/posts"}],"about":[{"href":"https:\/\/cidadebaixaonline.com.br\/index.php\/wp-json\/wp\/v2\/types\/post"}],"author":[{"embeddable":true,"href":"https:\/\/cidadebaixaonline.com.br\/index.php\/wp-json\/wp\/v2\/users\/1"}],"replies":[{"embeddable":true,"href":"https:\/\/cidadebaixaonline.com.br\/index.php\/wp-json\/wp\/v2\/comments?post=15659"}],"version-history":[{"count":1,"href":"https:\/\/cidadebaixaonline.com.br\/index.php\/wp-json\/wp\/v2\/posts\/15659\/revisions"}],"predecessor-version":[{"id":15660,"href":"https:\/\/cidadebaixaonline.com.br\/index.php\/wp-json\/wp\/v2\/posts\/15659\/revisions\/15660"}],"wp:featuredmedia":[{"embeddable":true,"href":"https:\/\/cidadebaixaonline.com.br\/index.php\/wp-json\/wp\/v2\/media\/15661"}],"wp:attachment":[{"href":"https:\/\/cidadebaixaonline.com.br\/index.php\/wp-json\/wp\/v2\/media?parent=15659"}],"wp:term":[{"taxonomy":"category","embeddable":true,"href":"https:\/\/cidadebaixaonline.com.br\/index.php\/wp-json\/wp\/v2\/categories?post=15659"},{"taxonomy":"post_tag","embeddable":true,"href":"https:\/\/cidadebaixaonline.com.br\/index.php\/wp-json\/wp\/v2\/tags?post=15659"}],"curies":[{"name":"wp","href":"https:\/\/api.w.org\/{rel}","templated":true}]}}