{"id":15656,"date":"2026-09-03T13:43:18","date_gmt":"2026-09-03T16:43:18","guid":{"rendered":"https:\/\/cidadebaixaonline.com.br\/?p=15656"},"modified":"2026-09-03T13:43:19","modified_gmt":"2026-09-03T16:43:19","slug":"vlt-de-salvador-alcanca-marca-de-100-mil-passageiros","status":"publish","type":"post","link":"https:\/\/cidadebaixaonline.com.br\/index.php\/2026\/09\/03\/vlt-de-salvador-alcanca-marca-de-100-mil-passageiros\/","title":{"rendered":"VLT de Salvador alcan\u00e7a marca de 100 mil passageiros"},"content":{"rendered":"<p class=\"isSelectedEnd\">O VLT de Salvador j\u00e1 transportou <strong>100 mil passageiros<\/strong> desde o in\u00edcio da opera\u00e7\u00e3o com embarque e desembarque de usu\u00e1rios, no fim de junho. A marca foi alcan\u00e7ada durante a fase de implanta\u00e7\u00e3o do sistema, que come\u00e7ou com o trajeto entre a Esta\u00e7\u00e3o Cal\u00e7ada e o bairro do Lobato.<\/p>\n<p class=\"isSelectedEnd\">Desde ent\u00e3o, o percurso foi ampliado e passou a chegar at\u00e9 a <strong>Parada Marisqueiras, em S\u00e3o Jo\u00e3o do Cabrito<\/strong>, totalizando cerca de seis quil\u00f4metros de extens\u00e3o.<\/p>\n<p class=\"isSelectedEnd\">A amplia\u00e7\u00e3o do trecho permitiu que o VLT atendesse mais passageiros ao longo do percurso, enquanto a opera\u00e7\u00e3o segue em fase de testes e implanta\u00e7\u00e3o.<\/p>\n<h3>Hor\u00e1rio do VLT \u00e9 ampliado<\/h3>\n<p class=\"isSelectedEnd\">A partir desta quinta-feira (3), o sistema tamb\u00e9m passa a contar com <strong>hor\u00e1rio ampliado durante os dias \u00fateis<\/strong>. De segunda a sexta-feira, o servi\u00e7o funcionar\u00e1 das <strong>6h30 \u00e0s 16h<\/strong>, com a primeira viagem partindo da Esta\u00e7\u00e3o Cal\u00e7ada.<\/p>\n<p class=\"isSelectedEnd\">A opera\u00e7\u00e3o tamb\u00e9m ter\u00e1 atendimento aos s\u00e1bados, <strong>quinzenalmente<\/strong>, das <strong>9h \u00e0s 12h<\/strong>.<\/p>\n<h3>VLT tem embarque gratuito<\/h3>\n<p class=\"isSelectedEnd\">Durante o atual per\u00edodo de testes e implanta\u00e7\u00e3o, o <strong>embarque e desembarque no VLT permanecem gratuitos<\/strong> para os passageiros.<\/p>\n<p class=\"isSelectedEnd\">O sistema ainda est\u00e1 sendo expandido gradualmente na capital baiana. A marca de 100 mil passageiros ocorre justamente durante essa fase inicial de funcionamento, que busca testar a opera\u00e7\u00e3o e ampliar o atendimento aos usu\u00e1rios.<\/p>\n<h3>Trajeto atual<\/h3>\n<p class=\"isSelectedEnd\">Atualmente, o VLT percorre aproximadamente seis quil\u00f4metros, com in\u00edcio na <strong>Esta\u00e7\u00e3o Cal\u00e7ada<\/strong> e t\u00e9rmino na <strong>Parada Marisqueiras<\/strong>, em S\u00e3o Jo\u00e3o do Cabrito.<\/p>\n<p>Com a amplia\u00e7\u00e3o dos hor\u00e1rios e do percurso, a expectativa \u00e9 de que o sistema passe a atender um n\u00famero cada vez maior de passageiros na regi\u00e3o.<\/p>\n","protected":false},"excerpt":{"rendered":"<p>O VLT de Salvador j\u00e1 transportou 100 mil passageiros desde o in\u00edcio da opera\u00e7\u00e3o com embarque e desembarque de usu\u00e1rios, no fim de junho. A marca foi alcan\u00e7ada durante a fase de implanta\u00e7\u00e3o do sistema, que come\u00e7ou com o trajeto entre a Esta\u00e7\u00e3o Cal\u00e7ada e o bairro do Lobato. Desde ent\u00e3o, o percurso foi ampliado [&hellip;]<\/p>\n","protected":false},"author":1,"featured_media":15658,"comment_status":"open","ping_status":"closed","sticky":false,"template":"","format":"standard","meta":{"jnews-multi-image_gallery":[],"jnews_single_post":[],"jnews_primary_category":[],"footnotes":""},"categories":[238],"tags":[],"class_list":["post-15656","post","type-post","status-publish","format-standard","has-post-thumbnail","hentry","category-vlt"],"_links":{"self":[{"href":"https:\/\/cidadebaixaonline.com.br\/index.php\/wp-json\/wp\/v2\/posts\/15656","targetHints":{"allow":["GET"]}}],"collection":[{"href":"https:\/\/cidadebaixaonline.com.br\/index.php\/wp-json\/wp\/v2\/posts"}],"about":[{"href":"https:\/\/cidadebaixaonline.com.br\/index.php\/wp-json\/wp\/v2\/types\/post"}],"author":[{"embeddable":true,"href":"https:\/\/cidadebaixaonline.com.br\/index.php\/wp-json\/wp\/v2\/users\/1"}],"replies":[{"embeddable":true,"href":"https:\/\/cidadebaixaonline.com.br\/index.php\/wp-json\/wp\/v2\/comments?post=15656"}],"version-history":[{"count":1,"href":"https:\/\/cidadebaixaonline.com.br\/index.php\/wp-json\/wp\/v2\/posts\/15656\/revisions"}],"predecessor-version":[{"id":15657,"href":"https:\/\/cidadebaixaonline.com.br\/index.php\/wp-json\/wp\/v2\/posts\/15656\/revisions\/15657"}],"wp:featuredmedia":[{"embeddable":true,"href":"https:\/\/cidadebaixaonline.com.br\/index.php\/wp-json\/wp\/v2\/media\/15658"}],"wp:attachment":[{"href":"https:\/\/cidadebaixaonline.com.br\/index.php\/wp-json\/wp\/v2\/media?parent=15656"}],"wp:term":[{"taxonomy":"category","embeddable":true,"href":"https:\/\/cidadebaixaonline.com.br\/index.php\/wp-json\/wp\/v2\/categories?post=15656"},{"taxonomy":"post_tag","embeddable":true,"href":"https:\/\/cidadebaixaonline.com.br\/index.php\/wp-json\/wp\/v2\/tags?post=15656"}],"curies":[{"name":"wp","href":"https:\/\/api.w.org\/{rel}","templated":true}]}}