{"id":15653,"date":"2026-09-03T13:40:41","date_gmt":"2026-09-03T16:40:41","guid":{"rendered":"https:\/\/cidadebaixaonline.com.br\/?p=15653"},"modified":"2026-09-03T13:40:42","modified_gmt":"2026-09-03T16:40:42","slug":"premio-iel-anuncia-vencedores-da-etapa-bahia-em-cerimonia-no-dia-10-de-setembro","status":"publish","type":"post","link":"https:\/\/cidadebaixaonline.com.br\/index.php\/2026\/09\/03\/premio-iel-anuncia-vencedores-da-etapa-bahia-em-cerimonia-no-dia-10-de-setembro\/","title":{"rendered":"Pr\u00eamio IEL anuncia vencedores da etapa Bahia em  cerim\u00f4nia no dia 10 de setembro"},"content":{"rendered":"<p dir=\"ltr\">Com recorde de inscri\u00e7\u00f5es, a 23\u00aa edi\u00e7\u00e3o do Pr\u00eamio IEL Bahia 2026 vai anunciar os vencedores da etapa regional no dia 10 de setembr. O estado alcan\u00e7ou o primeiro lugar no ranking nacional, com 132 projetos inscritos, entre os 1.093 registrados em todo o pa\u00eds, resultado que evidencia a for\u00e7a da Bahia na forma\u00e7\u00e3o de talentos e no desenvolvimento de iniciativas inovadoras. A cerim\u00f4nia de premia\u00e7\u00e3o ser\u00e1 realizada na sede da Federa\u00e7\u00e3o das Ind\u00fastria da Bahia (FIEB), em Salvador, \u00e0s 17h30.<\/p>\n<p dir=\"ltr\">Promovida pelo Instituto Euvaldo Lodi (IEL Bahia), a premia\u00e7\u00e3o reconhece empresas, institui\u00e7\u00f5es de ensino e jovens talentos que se destacam em iniciativas de est\u00e1gio, aprendizagem e inova\u00e7\u00e3o. O Pr\u00eamio IEL 2026 contempla as categorias IEL Est\u00e1gio, com as modalidades Estagi\u00e1rio Inovador, Est\u00e1gio Inovador e Educa\u00e7\u00e3o Inovadora, Inova Talentos, com Artigo Inovador e Projeto Inovador, Destaque Aprendizagem e Sistema S. Na categoria IEL Est\u00e1gio, s\u00e3o reconhecidas boas pr\u00e1ticas voltadas \u00e0 forma\u00e7\u00e3o profissional, valorizando estudantes, empresas e institui\u00e7\u00f5es de ensino que desenvolvem programas de excel\u00eancia em parceria com o IEL.<\/p>\n<p dir=\"ltr\">J\u00e1 o Inova Talentos reconhece projetos e artigos cient\u00edficos desenvolvidos por bolsistas, tutores e empresas participantes do programa, destacando solu\u00e7\u00f5es que aproximam a pesquisa aplicada das demandas da ind\u00fastria. A categoria Sistema S reconhece iniciativas das institui\u00e7\u00f5es que integram o sistema, voltadas \u00e0 forma\u00e7\u00e3o de talentos e ao desenvolvimento de projetos inovadores.<\/p>\n<p dir=\"ltr\">Os vencedores das categorias IEL Est\u00e1gio, Inova Talentos e Sistema S representar\u00e3o o estado na etapa nacional, marcada para 2 de dezembro, em Curitiba (PR), onde ser\u00e3o reconhecidos os projetos de maior destaque do pa\u00eds. Uma das novidades desta edi\u00e7\u00e3o \u00e9 a inclus\u00e3o de uma etapa internacional. Os vencedores das categorias de est\u00e1gio e bolsas de inova\u00e7\u00e3o que conquistarem a etapa nacional poder\u00e3o ter seus projetos indicados ao GIMI Innovation Awards, ampliando a visibilidade internacional das iniciativas desenvolvidas no Brasil<\/p>\n<p dir=\"ltr\">De acordo com Edneide Lima, superintendente do IEL Bahia, o objetivo da premia\u00e7\u00e3o \u00e9 promover um ambiente de incentivo \u00e0s empresas para a inova\u00e7\u00e3o de seus processos e as boas pr\u00e1ticas de est\u00e1gio e de aprendizagem. \u201cAo contratar um estagi\u00e1rio, um jovem aprendiz ou um bolsista de inova\u00e7\u00e3o, a empresa tem a oportunidade de oxigenar seus processos e pr\u00e1ticas com novas ideias. O pr\u00eamio IEL \u00e9 um reconhecimento das iniciativas que, \u00e0s vezes, parecem pequenas, mas promovem mudan\u00e7as positivas e significativas nas empresas\u201d, real\u00e7a ela.<\/p>\n<p dir=\"ltr\">Forma\u00e7\u00e3o que transforma &#8211; Empresas que investem na forma\u00e7\u00e3o de jovens profissionais contribuem para preparar talentos e fortalecer suas estrat\u00e9gias de desenvolvimento. \u00c9 o caso da Bracell, empresa do setor de celulose, finalista pela primeira vez na categoria Est\u00e1gio &#8211; Empresa Inovadora. A companhia desenvolveu um projeto para transformar a experi\u00eancia de est\u00e1gio em uma jornada estruturada de desenvolvimento profissional e comportamental, a partir da escuta de estagi\u00e1rios, supervisores, mentores e gestores. A iniciativa orientou uma trilha de aprendizagem com foco em comunica\u00e7\u00e3o, intelig\u00eancia emocional, gest\u00e3o do tempo, resolu\u00e7\u00e3o de problemas e pensamento cr\u00edtico. A proposta combina capacita\u00e7\u00e3o e pr\u00e1tica, preparando os jovens para assumir o protagonismo da pr\u00f3pria trajet\u00f3ria profissional.<\/p>\n<p dir=\"ltr\">\u201cSer finalista do Pr\u00eamio IEL \u00e9 um reconhecimento muito importante para n\u00f3s. Investir na forma\u00e7\u00e3o de jovens \u00e9 investir no futuro da nossa organiza\u00e7\u00e3o, mas tamb\u00e9m da sociedade. Por isso, constru\u00edmos uma jornada que combina conhecimento, desenvolvimento comportamental e experi\u00eancias pr\u00e1ticas, colocando o jovem no centro do pr\u00f3prio desenvolvimento. Esse reconhecimento nos mostra que iniciativas como essa podem gerar impacto real e, ao mesmo tempo, inspirar novas formas de preparar talentos para o mercado de trabalho.\u201d, afirma Igor Santos, analista de RH da Bracell.<\/p>\n<p dir=\"ltr\">Inova\u00e7\u00e3o na pr\u00e1tica \u2013 A iniciativa e o olhar atento dos estagi\u00e1rios para os desafios do dia a dia podem gerar solu\u00e7\u00f5es que transformam processos dentro das empresas. Foi essa atitude que levou a estudante de Gest\u00e3o de Recursos Humanos Maria J\u00falia Dantas, 23 anos, uma das finalistas do Pr\u00eamio IEL na categoria Estagi\u00e1rio Inovador, a desenvolver um sistema para otimizar os processos de admiss\u00e3o e integra\u00e7\u00e3o de colaboradores na empresa Gest\u00e3o 24\/7. A plataforma centraliza informa\u00e7\u00f5es sobre candidatos, documentos, benef\u00edcios, cargos e sal\u00e1rios, al\u00e9m de permitir o acompanhamento das etapas de admiss\u00e3o e integra\u00e7\u00e3o. Com a solu\u00e7\u00e3o, um processo que levava 30 dias ou mais passou a ser realizado em cerca de uma ou duas semanas.<\/p>\n","protected":false},"excerpt":{"rendered":"<p>Com recorde de inscri\u00e7\u00f5es, a 23\u00aa edi\u00e7\u00e3o do Pr\u00eamio IEL Bahia 2026 vai anunciar os vencedores da etapa regional no dia 10 de setembr. O estado alcan\u00e7ou o primeiro lugar no ranking nacional, com 132 projetos inscritos, entre os 1.093 registrados em todo o pa\u00eds, resultado que evidencia a for\u00e7a da Bahia na forma\u00e7\u00e3o de [&hellip;]<\/p>\n","protected":false},"author":1,"featured_media":15655,"comment_status":"open","ping_status":"closed","sticky":false,"template":"","format":"standard","meta":{"jnews-multi-image_gallery":[],"jnews_single_post":[],"jnews_primary_category":[],"footnotes":""},"categories":[85],"tags":[],"class_list":["post-15653","post","type-post","status-publish","format-standard","has-post-thumbnail","hentry","category-noticias"],"_links":{"self":[{"href":"https:\/\/cidadebaixaonline.com.br\/index.php\/wp-json\/wp\/v2\/posts\/15653","targetHints":{"allow":["GET"]}}],"collection":[{"href":"https:\/\/cidadebaixaonline.com.br\/index.php\/wp-json\/wp\/v2\/posts"}],"about":[{"href":"https:\/\/cidadebaixaonline.com.br\/index.php\/wp-json\/wp\/v2\/types\/post"}],"author":[{"embeddable":true,"href":"https:\/\/cidadebaixaonline.com.br\/index.php\/wp-json\/wp\/v2\/users\/1"}],"replies":[{"embeddable":true,"href":"https:\/\/cidadebaixaonline.com.br\/index.php\/wp-json\/wp\/v2\/comments?post=15653"}],"version-history":[{"count":1,"href":"https:\/\/cidadebaixaonline.com.br\/index.php\/wp-json\/wp\/v2\/posts\/15653\/revisions"}],"predecessor-version":[{"id":15654,"href":"https:\/\/cidadebaixaonline.com.br\/index.php\/wp-json\/wp\/v2\/posts\/15653\/revisions\/15654"}],"wp:featuredmedia":[{"embeddable":true,"href":"https:\/\/cidadebaixaonline.com.br\/index.php\/wp-json\/wp\/v2\/media\/15655"}],"wp:attachment":[{"href":"https:\/\/cidadebaixaonline.com.br\/index.php\/wp-json\/wp\/v2\/media?parent=15653"}],"wp:term":[{"taxonomy":"category","embeddable":true,"href":"https:\/\/cidadebaixaonline.com.br\/index.php\/wp-json\/wp\/v2\/categories?post=15653"},{"taxonomy":"post_tag","embeddable":true,"href":"https:\/\/cidadebaixaonline.com.br\/index.php\/wp-json\/wp\/v2\/tags?post=15653"}],"curies":[{"name":"wp","href":"https:\/\/api.w.org\/{rel}","templated":true}]}}