{"id":15648,"date":"2026-09-02T14:45:21","date_gmt":"2026-09-02T17:45:21","guid":{"rendered":"https:\/\/cidadebaixaonline.com.br\/?p=15648"},"modified":"2026-09-02T14:45:22","modified_gmt":"2026-09-02T17:45:22","slug":"ferry-boat-opera-com-tres-embarcacoes-nesta-quarta","status":"publish","type":"post","link":"https:\/\/cidadebaixaonline.com.br\/index.php\/2026\/09\/02\/ferry-boat-opera-com-tres-embarcacoes-nesta-quarta\/","title":{"rendered":"Ferry-Boat opera com tr\u00eas embarca\u00e7\u00f5es nesta quarta"},"content":{"rendered":"<p class=\"isSelectedEnd\">O sistema Ferry-Boat opera normalmente nesta quarta-feira (2) com tr\u00eas embarca\u00e7\u00f5es em circula\u00e7\u00e3o:\u00a0<strong>Zumbi dos Palmares, Dorival Caymmi e Maria Beth\u00e2nia<\/strong>. Segundo a concession\u00e1ria Internacional Travessias Salvador (ITS), o movimento \u00e9 tranquilo para ve\u00edculos e pedestres nos terminais de S\u00e3o Joaquim, em Salvador, e Bom Despacho, na Ilha de Itaparica.<\/p>\n<p class=\"isSelectedEnd\">Os passageiros que quiserem acompanhar a situa\u00e7\u00e3o das filas podem consultar o\u00a0<strong>fil\u00f4metro<\/strong>, ferramenta disponibilizada pela concession\u00e1ria e atualizada diariamente ap\u00f3s os embarques.<\/p>\n<h2>Agendamento para ve\u00edculos<\/h2>\n<p class=\"isSelectedEnd\">Motoristas de ve\u00edculos de passeio t\u00eam duas op\u00e7\u00f5es de agendamento. Pelo servi\u00e7o\u00a0<strong>Hora Marcada<\/strong>, as vagas s\u00e3o disponibilizadas com at\u00e9 30 dias de anteced\u00eancia no site da ITS.<\/p>\n<p class=\"isSelectedEnd\">Tamb\u00e9m \u00e9 poss\u00edvel fazer o agendamento gratuitamente pela plataforma\u00a0<strong>ba.gov.br<\/strong>. Nessa modalidade, n\u00e3o h\u00e1 cobran\u00e7a de taxa de servi\u00e7o nem necessidade de pagamento antecipado. O motorista deve pagar o valor da passagem no guich\u00ea, antes do embarque, e comparecer ao terminal com pelo menos uma hora de anteced\u00eancia.<\/p>\n<h2>Restri\u00e7\u00e3o para ve\u00edculos pesados<\/h2>\n<p class=\"isSelectedEnd\">A travessia de ve\u00edculos pesados segue restri\u00e7\u00f5es previstas na\u00a0<strong>Resolu\u00e7\u00e3o AGERBA n\u00ba 16, de 10 de abril de 2026<\/strong>. A medida estabelece, em car\u00e1ter emergencial, a suspens\u00e3o do embarque de \u00f4nibus, caminh\u00f5es, carretas, micro-\u00f4nibus, reboques e utilit\u00e1rios com capacidade de carga a partir de 1,5 tonelada durante os per\u00edodos de feriados de 2026.<\/p>\n<h2>Pagamento e embarque<\/h2>\n<p class=\"isSelectedEnd\">As passagens podem ser adquiridas nas bilheterias eletr\u00f4nicas dos terminais, com pagamento em dinheiro ou cart\u00f5es de cr\u00e9dito e d\u00e9bito. Tamb\u00e9m \u00e9 poss\u00edvel utilizar cart\u00f5es habilitados para pagamentos por aproxima\u00e7\u00e3o na tecnologia EMV.<\/p>\n<p class=\"isSelectedEnd\">Quem possui Ferry-Card com saldo pode utilizar at\u00e9 cinco passagens por trecho em cada terminal. A concession\u00e1ria recomenda a compra antecipada dos cr\u00e9ditos para evitar imprevistos no momento do embarque.<\/p>\n<p class=\"isSelectedEnd\">O acesso \u00e0s catracas pode ser encerrado quando a embarca\u00e7\u00e3o atingir sua capacidade m\u00e1xima. Al\u00e9m disso, o sistema de vendas e acesso \u00e9 interrompido\u00a0<strong>10 minutos antes do hor\u00e1rio previsto para a sa\u00edda<\/strong>, para organiza\u00e7\u00e3o do embarque.<\/p>\n<h2>Atendimento priorit\u00e1rio<\/h2>\n<p class=\"isSelectedEnd\">Passageiros que t\u00eam direito a atendimento preferencial ou gratuidade devem procurar os guich\u00eas espec\u00edficos e apresentar documento oficial original com foto.<\/p>\n<p>As vagas destinadas a ve\u00edculos priorit\u00e1rios s\u00e3o limitadas a\u00a0<strong>10% da capacidade de cada embarca\u00e7\u00e3o<\/strong>, conforme acordo firmado com o Minist\u00e9rio P\u00fablico.<\/p>\n","protected":false},"excerpt":{"rendered":"<p>O sistema Ferry-Boat opera normalmente nesta quarta-feira (2) com tr\u00eas embarca\u00e7\u00f5es em circula\u00e7\u00e3o:\u00a0Zumbi dos Palmares, Dorival Caymmi e Maria Beth\u00e2nia. Segundo a concession\u00e1ria Internacional Travessias Salvador (ITS), o movimento \u00e9 tranquilo para ve\u00edculos e pedestres nos terminais de S\u00e3o Joaquim, em Salvador, e Bom Despacho, na Ilha de Itaparica. Os passageiros que quiserem acompanhar a [&hellip;]<\/p>\n","protected":false},"author":1,"featured_media":15358,"comment_status":"open","ping_status":"closed","sticky":false,"template":"","format":"standard","meta":{"jnews-multi-image_gallery":[],"jnews_single_post":[],"jnews_primary_category":[],"footnotes":""},"categories":[128],"tags":[],"class_list":["post-15648","post","type-post","status-publish","format-standard","has-post-thumbnail","hentry","category-ferry-boat"],"_links":{"self":[{"href":"https:\/\/cidadebaixaonline.com.br\/index.php\/wp-json\/wp\/v2\/posts\/15648","targetHints":{"allow":["GET"]}}],"collection":[{"href":"https:\/\/cidadebaixaonline.com.br\/index.php\/wp-json\/wp\/v2\/posts"}],"about":[{"href":"https:\/\/cidadebaixaonline.com.br\/index.php\/wp-json\/wp\/v2\/types\/post"}],"author":[{"embeddable":true,"href":"https:\/\/cidadebaixaonline.com.br\/index.php\/wp-json\/wp\/v2\/users\/1"}],"replies":[{"embeddable":true,"href":"https:\/\/cidadebaixaonline.com.br\/index.php\/wp-json\/wp\/v2\/comments?post=15648"}],"version-history":[{"count":1,"href":"https:\/\/cidadebaixaonline.com.br\/index.php\/wp-json\/wp\/v2\/posts\/15648\/revisions"}],"predecessor-version":[{"id":15649,"href":"https:\/\/cidadebaixaonline.com.br\/index.php\/wp-json\/wp\/v2\/posts\/15648\/revisions\/15649"}],"wp:featuredmedia":[{"embeddable":true,"href":"https:\/\/cidadebaixaonline.com.br\/index.php\/wp-json\/wp\/v2\/media\/15358"}],"wp:attachment":[{"href":"https:\/\/cidadebaixaonline.com.br\/index.php\/wp-json\/wp\/v2\/media?parent=15648"}],"wp:term":[{"taxonomy":"category","embeddable":true,"href":"https:\/\/cidadebaixaonline.com.br\/index.php\/wp-json\/wp\/v2\/categories?post=15648"},{"taxonomy":"post_tag","embeddable":true,"href":"https:\/\/cidadebaixaonline.com.br\/index.php\/wp-json\/wp\/v2\/tags?post=15648"}],"curies":[{"name":"wp","href":"https:\/\/api.w.org\/{rel}","templated":true}]}}