{"id":15639,"date":"2026-09-05T14:09:13","date_gmt":"2026-09-05T17:09:13","guid":{"rendered":"https:\/\/cidadebaixaonline.com.br\/?p=15639"},"modified":"2026-09-01T14:10:54","modified_gmt":"2026-09-01T17:10:54","slug":"programa-vida-nova-empregabilidade-mostra-que-recomecar-tambem-passa-pela-educacao","status":"publish","type":"post","link":"https:\/\/cidadebaixaonline.com.br\/index.php\/2026\/09\/05\/programa-vida-nova-empregabilidade-mostra-que-recomecar-tambem-passa-pela-educacao\/","title":{"rendered":"Programa Vida Nova Empregabilidade mostra que recome\u00e7ar tamb\u00e9m passa pela educa\u00e7\u00e3o"},"content":{"rendered":"<p>Benilza dos Santos, de 58 anos, atua como auxiliar de Servi\u00e7os Gerais no N\u00facleo de A\u00e7\u00f5es Articuladas para Popula\u00e7\u00e3o em Situa\u00e7\u00e3o de Rua (Nuar), no Com\u00e9rcio, e esbanja alegria no ambiente de trabalho. \u201cEu sou a melhor no que fa\u00e7o. Pode perguntar. N\u00e3o tem outra\u201d, brinca ao ser questionada sobre a profiss\u00e3o. Sempre bem arrumada e maquiada, ela preserva o sorriso no rosto, mant\u00e9m a casa organizada e adora uma confraterniza\u00e7\u00e3o.<\/p>\n<p>A nova fase de vida, no entanto, marca a supera\u00e7\u00e3o de muitas dificuldades enfrentadas ao longo dos anos. E, quando relembra essa trajet\u00f3ria, as l\u00e1grimas tomam conta do rosto.<\/p>\n<p>\u201c\u00c9 muita coisa. Eu comecei a trabalhar com 7 anos de idade. Subia na cadeira para lavar pratos e, se eu quebrasse algum, eu apanhava. Eu sei o que j\u00e1 sofri. Eu morava com os meus pais, mas engravidei muito cedo, aos 15 anos, e a minha m\u00e3e me colocou para fora. Fiquei um tempo com a minha av\u00f3, um tempo nas ruas, voltei para a casa da minha m\u00e3e, mas ela tornou a me mandar embora. Eu fiquei mais ou menos dez anos na rua. J\u00e1 sofri importuna\u00e7\u00e3o sexual, j\u00e1 fui usu\u00e1ria de drogas, mas a minha vida mudou quando eu encontrei essas b\u00ean\u00e7\u00e3os de Deus com o Vida Nova\u201d, conta.<\/p>\n<p>Gra\u00e7as ao programa, Benilza deu in\u00edcio ao processo de alfabetiza\u00e7\u00e3o na Escola Municipal Francisco Mangabeira, em S\u00e3o Caetano, e hoje j\u00e1 consegue assinar o pr\u00f3prio nome e identificar algumas palavras, inclusive o destino exibido no letreiro eletr\u00f4nico dos \u00f4nibus: \u201cN\u00e3o \u00e9 f\u00e1cil estudar nessa idade, mas, quando eu penso que \u00e9 para a minha melhoria e continuidade no programa, eu vou\u201d.<\/p>\n<p>M\u00e3e de quatro filhos, um deles j\u00e1 falecido e os outros tr\u00eas com as vidas estruturadas, Benilza hoje mora em uma casa mobiliada, tem emprego formal e acesso \u00e0 renda.<\/p>\n<p>\u201cGra\u00e7as a Deus, eu tenho minha casinha arrumadinha, minha mesa, minha geladeira, minhas coisas, tudo com a ajuda do programa. Eu fui na loja com a equipe da assist\u00eancia social, escolhi o meu sof\u00e1, minha mesa, meu rack, ventilador, liquidificador, cama. Ent\u00e3o, n\u00e3o \u00e9 s\u00f3 emprego, o programa nos deixa amparados. A minha coordenadora \u00e9 uma m\u00e3e para mim. Toda a equipe \u00e9 maravilhosa. Voc\u00ea n\u00e3o tem ideia da alegria que o programa me deu. Eu s\u00f3 tenho a agradecer.\u201d<\/p>\n<p>A\u00e7\u00f5es integradas \u2013 Visando reduzir as desigualdades sociais e o n\u00famero de pessoas em situa\u00e7\u00e3o de rua e em situa\u00e7\u00e3o de vulnerabilidade social em Salvador, a Prefeitura, por meio da Secretaria Municipal de Promo\u00e7\u00e3o Social, Combate \u00e0 Pobreza, Esportes e Lazer (Sempre), lan\u00e7ou o programa Vida Nova, em janeiro de 2024. Trata-se de um pacote com diversas a\u00e7\u00f5es integradas na \u00e1rea da educa\u00e7\u00e3o, moradia, acolhimento e empregabilidade, com um investimento de R$ 200 milh\u00f5es.<\/p>\n<p>Uma das frentes de atua\u00e7\u00e3o da iniciativa \u00e9 justamente o Vida Nova Empregabilidade, que, desde outubro de 2025, tornou-se pol\u00edtica p\u00fablica do munic\u00edpio por meio da Lei n\u00ba 9.874\/2025. Inicialmente, foram disponibilizadas 50 vagas de emprego para atua\u00e7\u00e3o em equipamentos, \u00f3rg\u00e3os e setores da Sempre, como os Centros de Refer\u00eancia de Assist\u00eancia Social (Cras), Centros de Refer\u00eancia Especializados de Assist\u00eancia Social (Creas), Restaurantes Populares, Academias Salvador, N\u00facleo de A\u00e7\u00f5es Articuladas para Popula\u00e7\u00e3o em Situa\u00e7\u00e3o de Rua (Nuar), \u00f3rg\u00e3o gestor da secretaria e Cadastro \u00danico para Programas Sociais (Cad\u00danico).<\/p>\n<p>O encaminhamento dos participantes ocorre por meio dos servi\u00e7os que acompanham pessoas em situa\u00e7\u00e3o de vulnerabilidade.<\/p>\n<p>Ap\u00f3s a experi\u00eancia de atua\u00e7\u00e3o nos \u00f3rg\u00e3os e equipamentos da Sempre, os benefici\u00e1rios do Vida Nova Empregabilidade s\u00e3o encaminhados para vagas da iniciativa privada, em parceria com a Secretaria Municipal de Desenvolvimento Econ\u00f4mico, Emprego e Renda (Semdec), por meio do Servi\u00e7o Municipal de Intermedia\u00e7\u00e3o de M\u00e3o de Obra (Simm). As vagas abertas passam a ser disponibilizadas para novos participantes.<\/p>\n<p>As pessoas jur\u00eddicas que contratam benefici\u00e1rios egressos do programa recebem incentivo financeiro de at\u00e9 10% do sal\u00e1rio-base mensal do trabalhador, de acordo com o limite or\u00e7ament\u00e1rio previsto na Lei Or\u00e7ament\u00e1ria Anual (LOA) para essa finalidade.<\/p>\n<p>O \u00faltimo Censo das Pessoas em Situa\u00e7\u00e3o de Rua, realizado pela Sempre, em parceria com a Universidade Federal da Bahia (Ufba) e o Projeto Ax\u00e9, e divulgado em janeiro de 2024, contabilizou 5,3 mil pessoas em situa\u00e7\u00e3o de rua na capital baiana. O estudo serviu de base para a cria\u00e7\u00e3o do Vida Nova, maior programa de assist\u00eancia social j\u00e1 lan\u00e7ado pelo munic\u00edpio.<\/p>\n<p>Para o secret\u00e1rio de Promo\u00e7\u00e3o Social, Combate \u00e0 Pobreza, Esportes e Lazer, J\u00fanior Magalh\u00e3es, cada contrata\u00e7\u00e3o representa um passo importante na reconstru\u00e7\u00e3o da vida dos participantes.<\/p>\n<p>\u201c\u00c9 muito gratificante acompanhar as transforma\u00e7\u00f5es que o Vida Nova Empregabilidade j\u00e1 est\u00e1 promovendo na vida das pessoas atendidas pela nossa secretaria. Mesmo sendo um projeto-piloto, os resultados mostram que estamos no caminho certo. Hoje, vimos assistidos conquistando um emprego formal, com carteira assinada, todos os direitos trabalhistas garantidos, plano de sa\u00fade, f\u00e9rias, licen\u00e7a-maternidade e atuando lado a lado com servidores e colaboradores terceirizados em um ambiente de respeito e igualdade de direitos e deveres. Isso representa muito mais que uma oportunidade de trabalho. Representa o resgate da autoestima, da dignidade e da perspectiva de um futuro melhor.\u201d<\/p>\n","protected":false},"excerpt":{"rendered":"<p>Benilza dos Santos, de 58 anos, atua como auxiliar de Servi\u00e7os Gerais no N\u00facleo de A\u00e7\u00f5es Articuladas para Popula\u00e7\u00e3o em Situa\u00e7\u00e3o de Rua (Nuar), no Com\u00e9rcio, e esbanja alegria no ambiente de trabalho. \u201cEu sou a melhor no que fa\u00e7o. Pode perguntar. N\u00e3o tem outra\u201d, brinca ao ser questionada sobre a profiss\u00e3o. Sempre bem arrumada [&hellip;]<\/p>\n","protected":false},"author":1,"featured_media":15641,"comment_status":"open","ping_status":"closed","sticky":false,"template":"","format":"standard","meta":{"jnews-multi-image_gallery":[],"jnews_single_post":[],"jnews_primary_category":[],"footnotes":""},"categories":[95],"tags":[],"class_list":["post-15639","post","type-post","status-publish","format-standard","has-post-thumbnail","hentry","category-emprego"],"_links":{"self":[{"href":"https:\/\/cidadebaixaonline.com.br\/index.php\/wp-json\/wp\/v2\/posts\/15639","targetHints":{"allow":["GET"]}}],"collection":[{"href":"https:\/\/cidadebaixaonline.com.br\/index.php\/wp-json\/wp\/v2\/posts"}],"about":[{"href":"https:\/\/cidadebaixaonline.com.br\/index.php\/wp-json\/wp\/v2\/types\/post"}],"author":[{"embeddable":true,"href":"https:\/\/cidadebaixaonline.com.br\/index.php\/wp-json\/wp\/v2\/users\/1"}],"replies":[{"embeddable":true,"href":"https:\/\/cidadebaixaonline.com.br\/index.php\/wp-json\/wp\/v2\/comments?post=15639"}],"version-history":[{"count":1,"href":"https:\/\/cidadebaixaonline.com.br\/index.php\/wp-json\/wp\/v2\/posts\/15639\/revisions"}],"predecessor-version":[{"id":15640,"href":"https:\/\/cidadebaixaonline.com.br\/index.php\/wp-json\/wp\/v2\/posts\/15639\/revisions\/15640"}],"wp:featuredmedia":[{"embeddable":true,"href":"https:\/\/cidadebaixaonline.com.br\/index.php\/wp-json\/wp\/v2\/media\/15641"}],"wp:attachment":[{"href":"https:\/\/cidadebaixaonline.com.br\/index.php\/wp-json\/wp\/v2\/media?parent=15639"}],"wp:term":[{"taxonomy":"category","embeddable":true,"href":"https:\/\/cidadebaixaonline.com.br\/index.php\/wp-json\/wp\/v2\/categories?post=15639"},{"taxonomy":"post_tag","embeddable":true,"href":"https:\/\/cidadebaixaonline.com.br\/index.php\/wp-json\/wp\/v2\/tags?post=15639"}],"curies":[{"name":"wp","href":"https:\/\/api.w.org\/{rel}","templated":true}]}}