{"id":14633,"date":"2026-03-13T12:43:02","date_gmt":"2026-03-13T15:43:02","guid":{"rendered":"https:\/\/cidadebaixaonline.com.br\/?p=14633"},"modified":"2026-03-13T12:43:03","modified_gmt":"2026-03-13T15:43:03","slug":"incendio-atinge-e-destroi-estabelecimento-no-caminho-de-areia","status":"publish","type":"post","link":"https:\/\/cidadebaixaonline.com.br\/index.php\/2026\/03\/13\/incendio-atinge-e-destroi-estabelecimento-no-caminho-de-areia\/","title":{"rendered":"Inc\u00eandio atinge e destr\u00f3i estabelecimento no Caminho de Areia"},"content":{"rendered":"<p>Um inc\u00eandio de grandes propor\u00e7\u00f5es atingiu uma loja de roupas na manh\u00e3 desta quinta-feira (12), na Avenida Caminho de Areia, na regi\u00e3o da Cidade Baixa, em Salvador. O im\u00f3vel fica pr\u00f3ximo a uma churrascaria e a um laborat\u00f3rio e, apesar do susto, ningu\u00e9m ficou ferido.<\/p>\n<p>O fogo se espalhou rapidamente pelo estabelecimento e uma intensa fuma\u00e7a preta p\u00f4de ser vista de v\u00e1rios pontos da avenida, chamando a aten\u00e7\u00e3o de quem passava pelo local.<\/p>\n<p>Equipes do Corpo de Bombeiros Militar da Bahia foram acionadas e atuam no combate ao inc\u00eandio. At\u00e9 agora, n\u00e3o h\u00e1 informa\u00e7\u00f5es oficiais sobre o que teria provocado o fogo.<\/p>\n<p>De acordo com as primeiras informa\u00e7\u00f5es, o im\u00f3vel sofreu grandes danos e a estrutura ficou bastante comprometida. As causas do inc\u00eandio ainda ser\u00e3o investigadas.<\/p>\n","protected":false},"excerpt":{"rendered":"<p>Um inc\u00eandio de grandes propor\u00e7\u00f5es atingiu uma loja de roupas na manh\u00e3 desta quinta-feira (12), na Avenida Caminho de Areia, na regi\u00e3o da Cidade Baixa, em Salvador. O im\u00f3vel fica pr\u00f3ximo a uma churrascaria e a um laborat\u00f3rio e, apesar do susto, ningu\u00e9m ficou ferido. O fogo se espalhou rapidamente pelo estabelecimento e uma intensa [&hellip;]<\/p>\n","protected":false},"author":1,"featured_media":14635,"comment_status":"open","ping_status":"closed","sticky":false,"template":"","format":"standard","meta":{"jnews-multi-image_gallery":[],"jnews_single_post":[],"jnews_primary_category":[],"footnotes":""},"categories":[85],"tags":[],"class_list":["post-14633","post","type-post","status-publish","format-standard","has-post-thumbnail","hentry","category-noticias"],"_links":{"self":[{"href":"https:\/\/cidadebaixaonline.com.br\/index.php\/wp-json\/wp\/v2\/posts\/14633","targetHints":{"allow":["GET"]}}],"collection":[{"href":"https:\/\/cidadebaixaonline.com.br\/index.php\/wp-json\/wp\/v2\/posts"}],"about":[{"href":"https:\/\/cidadebaixaonline.com.br\/index.php\/wp-json\/wp\/v2\/types\/post"}],"author":[{"embeddable":true,"href":"https:\/\/cidadebaixaonline.com.br\/index.php\/wp-json\/wp\/v2\/users\/1"}],"replies":[{"embeddable":true,"href":"https:\/\/cidadebaixaonline.com.br\/index.php\/wp-json\/wp\/v2\/comments?post=14633"}],"version-history":[{"count":1,"href":"https:\/\/cidadebaixaonline.com.br\/index.php\/wp-json\/wp\/v2\/posts\/14633\/revisions"}],"predecessor-version":[{"id":14634,"href":"https:\/\/cidadebaixaonline.com.br\/index.php\/wp-json\/wp\/v2\/posts\/14633\/revisions\/14634"}],"wp:featuredmedia":[{"embeddable":true,"href":"https:\/\/cidadebaixaonline.com.br\/index.php\/wp-json\/wp\/v2\/media\/14635"}],"wp:attachment":[{"href":"https:\/\/cidadebaixaonline.com.br\/index.php\/wp-json\/wp\/v2\/media?parent=14633"}],"wp:term":[{"taxonomy":"category","embeddable":true,"href":"https:\/\/cidadebaixaonline.com.br\/index.php\/wp-json\/wp\/v2\/categories?post=14633"},{"taxonomy":"post_tag","embeddable":true,"href":"https:\/\/cidadebaixaonline.com.br\/index.php\/wp-json\/wp\/v2\/tags?post=14633"}],"curies":[{"name":"wp","href":"https:\/\/api.w.org\/{rel}","templated":true}]}}